{"id":149739,"date":"2018-08-21T22:40:00","date_gmt":"2018-08-22T01:40:00","guid":{"rendered":"https:\/\/www.redenoticia.com.br\/noticia\/?p=149739"},"modified":"2018-08-21T22:40:00","modified_gmt":"2018-08-22T01:40:00","slug":"novela-a-terra-prometida-resumo-23-08-tibar-revista-a-casa-de-orias","status":"publish","type":"post","link":"https:\/\/migracao.redenoticia.com.br\/noticia\/2018\/novela-a-terra-prometida-resumo-23-08-tibar-revista-a-casa-de-orias\/149739","title":{"rendered":"Novela \u201cA Terra Prometida\u201d resumo 23\/08: Tibar revista a casa de Orias"},"content":{"rendered":"<p> <img loading=\"lazy\" decoding=\"async\" src=\"https:\/\/migracao.redenoticia.com.br\/noticia\/imagens\/a-terra-prometida-resumo-novela-150x112.jpg\" alt=\"\" width=\"150\" height=\"112\" class=\"alignleft size-thumbnail wp-image-148139\" srcset=\"https:\/\/migracao.redenoticia.com.br\/noticia\/imagens\/a-terra-prometida-resumo-novela-150x112.jpg 150w, https:\/\/migracao.redenoticia.com.br\/noticia\/imagens\/a-terra-prometida-resumo-novela-265x198.jpg 265w, https:\/\/migracao.redenoticia.com.br\/noticia\/imagens\/a-terra-prometida-resumo-novela-485x360.jpg 485w, https:\/\/migracao.redenoticia.com.br\/noticia\/imagens\/a-terra-prometida-resumo-novela-534x403.jpg 534w\" sizes=\"auto, (max-width: 150px) 100vw, 150px\" \/><em><strong>Novela \u201cA Terra Prometida\u201d resumo 23\/08<\/strong><\/em>: no capitulo 022 (*) da novela \u201cA Terra Prometida\u201d, quinta-feira, 23 de agosto, No capitulo 022, quinta-feira, 23 de agosto \u2013 Desesperado, Ac\u00e3 chora preocupado com Melquias. Acsa finge gostar do convite feito por Otniel. Envergonhada, Tirda janta com a fam\u00edlia de Haniel. Eleazar diz que o l\u00edder da tribo Manass\u00e9s deve conquistar sua futura noiva. Calebe e Noemi pedem para Acsa n\u00e3o magoar Otniel. Ion\u00e1 diz que ajudar\u00e1 Aruna a se vestir para o casamento. Kadmo prende Grok na masmorra. O carcereiro se apavora ao ver Zuma no interior da cela. Raabe se emociona ao reencontrar Nob\u00e1. Ela leva o irm\u00e3o para se esconder na estalagem. Salmon e Melquias trocam de roupas com dois mendigos. Liora vai para o quarto com um cliente e estranha o barulho vindo de um ba\u00fa. Ela encontra dois nobres de Hai presos e amorda\u00e7ados. Os cananeus esbravejam e saem para chamar Tibar. Raabe corre e manda Nob\u00e1 se esconder em outro lugar. O menino se esconde em um buraco na muralha de Jeric\u00f3.<\/p>\n<p>Aruna suspira ao lembrar de Josu\u00e9. Eleazar diz que o l\u00edder hebreu deve encontrar um novo amor. El\u00f3i chega e diz que o vestido de Aruna foi destru\u00eddo. Josu\u00e9 manda o criado comprar uma nova roupa para ela. Mara conta para Ion\u00e1 que El\u00f3i comprou um vestido na tenda de Elias. Tirda se sente frustrada ao ouvir Haniel dizendo quais ser\u00e3o suas obriga\u00e7\u00f5es. Nob\u00e1 permanece escondido em um buraco na muralha. Milah se emociona ao saber que Raabe encontrou o irm\u00e3o. Marek se enfurece ao ouvir Tibar dizendo que n\u00e3o encontrou os espi\u00f5es hebreus. Disfar\u00e7ados de mendigos, Salmon e Melquias v\u00e3o at\u00e9 a casa de Raabe. Jessica se arrepende por ter feito Salmon escolher entre ela e a miss\u00e3o. Tibar e outros oficiais seguem na busca aos hebreus. El\u00f3i vai at\u00e9 a tenda de Quemuel e entrega o vestido para Aruna.<\/p>\n<p>Com \u00f3dio, Samara se lamenta com L\u00e9ia. A vil\u00e3 diz que ser\u00e1 a mais bela da festa. Aruna procura Josu\u00e9. Orias esbraveja ao descobrir que os homens em sua casa s\u00e3o os espi\u00f5es hebreus. Todos se apavoram ao ouvir Tibar bater na porta. Aruna agradece o presente. El\u00f3i elogia a mo\u00e7a. Raabe esconde Salmon e Melquias no terra\u00e7o de sua casa. Tibar e os soldados revistam a casa de Orias. Kadmo manda alguns oficias procurarem os espi\u00f5es pela cidade. Tibar decide procurar no terra\u00e7o. Os mendigos vestidos de nobres s\u00e3o detidos. Salmon e Melquias se apavoram ao notar a aproxima\u00e7\u00e3o de Tibar.<\/p>\n<p>(*) edi\u00e7\u00e3o da Rede Record, Novela \u201cA Terra Prometida\u201d, sujeito a altera\u00e7\u00e3o de data e conte\u00fado.<\/p>\n<p>\u201cA Terra Prometida\u201d &#8211; Ap\u00f3s a morte de Mois\u00e9s, Josu\u00e9 \u00e9 o novo l\u00edder dos hebreus. Ele \u00e9 um guerreiro experiente, dotado de coragem, determina\u00e7\u00e3o e de uma f\u00e9 poderosa. Mas n\u00e3o \u00e9 tarefa f\u00e1cil conduzir um povo ao seu destino! Com seus aliados mais pr\u00f3ximos e de confian\u00e7a, o sacerdote levita Eleazar e o l\u00edder da tribo Jud\u00e1 Calebe, Josu\u00e9 tem que cumprir uma dif\u00edcil miss\u00e3o ordenada por Deus: comandar as doze tribos de Israel na conquista de Cana\u00e3, \u201cA Terra Prometida\u201d.<\/p>\n","protected":false},"excerpt":{"rendered":"<p>Novela \u201cA Terra Prometida\u201d resumo 23\/08: no capitulo 022 (*) da novela \u201cA Terra Prometida\u201d, quinta-feira, 23 de agosto, No capitulo 022, quinta-feira, 23 de agosto \u2013 Desesperado, Ac\u00e3 chora preocupado com Melquias. Acsa finge gostar do convite feito por Otniel. Envergonhada, Tirda janta com a fam\u00edlia de Haniel. Eleazar diz que o l\u00edder da [&hellip;]<\/p>\n","protected":false},"author":2,"featured_media":148139,"comment_status":"open","ping_status":"closed","sticky":false,"template":"","format":"standard","meta":{"tdm_status":"","tdm_grid_status":"","footnotes":""},"categories":[446,379,371,343],"tags":[441],"class_list":{"0":"post-149739","1":"post","2":"type-post","3":"status-publish","4":"format-standard","5":"has-post-thumbnail","7":"category-a-terra-prometida","8":"category-novelas","9":"category-rede-record","10":"category-televisao","11":"tag-resumo-do-dia"},"_links":{"self":[{"href":"https:\/\/migracao.redenoticia.com.br\/noticia\/wp-json\/wp\/v2\/posts\/149739","targetHints":{"allow":["GET"]}}],"collection":[{"href":"https:\/\/migracao.redenoticia.com.br\/noticia\/wp-json\/wp\/v2\/posts"}],"about":[{"href":"https:\/\/migracao.redenoticia.com.br\/noticia\/wp-json\/wp\/v2\/types\/post"}],"author":[{"embeddable":true,"href":"https:\/\/migracao.redenoticia.com.br\/noticia\/wp-json\/wp\/v2\/users\/2"}],"replies":[{"embeddable":true,"href":"https:\/\/migracao.redenoticia.com.br\/noticia\/wp-json\/wp\/v2\/comments?post=149739"}],"version-history":[{"count":0,"href":"https:\/\/migracao.redenoticia.com.br\/noticia\/wp-json\/wp\/v2\/posts\/149739\/revisions"}],"wp:featuredmedia":[{"embeddable":true,"href":"https:\/\/migracao.redenoticia.com.br\/noticia\/wp-json\/wp\/v2\/media\/148139"}],"wp:attachment":[{"href":"https:\/\/migracao.redenoticia.com.br\/noticia\/wp-json\/wp\/v2\/media?parent=149739"}],"wp:term":[{"taxonomy":"category","embeddable":true,"href":"https:\/\/migracao.redenoticia.com.br\/noticia\/wp-json\/wp\/v2\/categories?post=149739"},{"taxonomy":"post_tag","embeddable":true,"href":"https:\/\/migracao.redenoticia.com.br\/noticia\/wp-json\/wp\/v2\/tags?post=149739"}],"curies":[{"name":"wp","href":"https:\/\/api.w.org\/{rel}","templated":true}]}}