{"id":149747,"date":"2018-08-22T00:17:58","date_gmt":"2018-08-22T03:17:58","guid":{"rendered":"https:\/\/www.redenoticia.com.br\/noticia\/?p=149747"},"modified":"2018-08-22T00:17:58","modified_gmt":"2018-08-22T03:17:58","slug":"bndes-lanca-plataforma-de-transparencia-em-parceria-com-tcu","status":"publish","type":"post","link":"https:\/\/migracao.redenoticia.com.br\/noticia\/2018\/bndes-lanca-plataforma-de-transparencia-em-parceria-com-tcu\/149747","title":{"rendered":"BNDES lan\u00e7a plataforma de transpar\u00eancia em parceria com TCU"},"content":{"rendered":"<p> O Banco Nacional de Desenvolvimento Econ\u00f4mico e Social (BNDES) apresentou a sua nova <strong><em>plataforma de transpar\u00eancia<\/em><\/strong>. O projeto, em parceria com o Tribunal de Contas da Uni\u00e3o (TCU), foi detalhado em uma audi\u00eancia p\u00fablica, que teve como objetivo ouvir a sociedade para atender futuras melhorias na ferramenta.<\/p>\n<p>\u201cAcabou aquela \u00e9poca em que algu\u00e9m podia falar que o BNDES fosse uma caixa preta. A partir de hoje, o BNDES \u00e9 um banco totalmente transparente. Ao ponto de n\u00f3s estarmos lan\u00e7ando uma audi\u00eancia p\u00fablica que tem, na verdade, o sentido de perguntar para a sociedade o que mais ela quer saber sobre o banco, al\u00e9m de todas as informa\u00e7\u00f5es que j\u00e1 s\u00e3o divulgadas e das que ainda v\u00e3o ser\u201d refor\u00e7ou o presidente do BNDES, Dyogo Oliveira.<\/p>\n<p>A plataforma permitir\u00e1 que a sociedade tenha acesso \u00e0s transa\u00e7\u00f5es do banco. Em novembro, o BNDES e o TCU assinar\u00e3o um acordo de coopera\u00e7\u00e3o t\u00e9cnica para aprimorar as auditorias p\u00fablicas. Com o trato, o TCU ter\u00e1 acesso integral \u00e0s informa\u00e7\u00f5es do banco, mesmo \u00e0s consideradas secretas pela Lei de Sigilo Banc\u00e1rio.<\/p>\n<p>O ministro-substituto do TCU, Augusto Sherman, lembrou que a parceria entre as institui\u00e7\u00f5es come\u00e7ou em 2014, quando um processo de levantamento de auditoria foi iniciado pelo tribunal para compreender como o BNDES realiza seus financiamentos e tamb\u00e9m como aplica seus recursos.<\/p>\n<p>\u201cHoje, o banco est\u00e1 divulgando um painel de informa\u00e7\u00f5es que facilita muito o acesso \u00e0s informa\u00e7\u00f5es do BNDES. Isso vem de um trabalho do tribunal de longo tempo e houve converg\u00eancia de disponibilizar praticamente todas as informa\u00e7\u00f5es com pouqu\u00edssimas restri\u00e7\u00f5es [para o p\u00fablico]\u201d falou.<\/p>\n<p>O ministro da Transpar\u00eancia, Fiscaliza\u00e7\u00e3o e Controladoria Geral da Uni\u00e3o, Wagner de Campo Ros\u00e1rio refor\u00e7ou ainda a import\u00e2ncia da transpar\u00eancia no combate \u00e0 corrup\u00e7\u00e3o. \u201cSabemos que todos os \u00f3rg\u00e3os, todos os pa\u00edses que lograram em uma mudan\u00e7a de se tornar um pa\u00eds mais igual e distante da corrup\u00e7\u00e3o, investiram na transpar\u00eancia. Ent\u00e3o, hoje, a base da mudan\u00e7a de uma sociedade est\u00e1, inicialmente, na transpar\u00eancia\u201d disse Ros\u00e1rio.<\/p>\n<p>Plataforma<br \/>\nO BNDES j\u00e1 tem alguns mecanismos para divulgar informa\u00e7\u00f5es sobre suas opera\u00e7\u00f5es. No entanto, as informa\u00e7\u00f5es mais completas ser\u00e3o disponibilizadas ao p\u00fablico para atender \u00e0s demandas de diversos setores da sociedade.<\/p>\n<p>Qualquer um poder\u00e1 fazer a consulta unificada das transa\u00e7\u00f5es de cada cliente do banco ou conseguir\u00e1 ainda aplicar filtros de busca na plataforma para checar os pain\u00e9is de informa\u00e7\u00f5es de um local espec\u00edfico, por exemplo. Os dados tamb\u00e9m poder\u00e3o ser vistos por meio de gr\u00e1ficos e mapas.<\/p>\n<p>A vers\u00e3o final da ferramenta ser\u00e1 lan\u00e7ada em novembro e apresentar\u00e1 mais dados sobre opera\u00e7\u00f5es de renda fixa e vari\u00e1vel, como a fonte dos recursos, o valor desembolsado, entre outros.<\/p>\n<p>Processos<br \/>\nAugusto Sherman disse que o TCU espera levar a plen\u00e1rio at\u00e9 o final deste ano os processos relativos a opera\u00e7\u00f5es no mercado de capitais envolvendo o BNDES e empresas do setor de prote\u00edna animal, entre as quais a JBS e a Bertin.<\/p>\n<p>No momento, os processos est\u00e3o em discuss\u00e3o nas secretarias t\u00e9cnicas do tribunal. Ap\u00f3s a an\u00e1lise de cada processo em separado, as conclus\u00f5es ser\u00e3o enviadas a Sherman, que as encaminhar\u00e1 para julgamento at\u00e9 dezembro.<\/p>\n<p> J\u00e9ssica Antunes &#8211; Estagi\u00e1ria da Ag\u00eancia Brasil<br \/>\nSob a supervis\u00e3o de Mario Toledo\/\/Colaborou Alana Gandra<br \/>\nEdi\u00e7\u00e3o: Sabrina Craide<br \/>\n22\/08\/2018<\/p>\n","protected":false},"excerpt":{"rendered":"<p>O Banco Nacional de Desenvolvimento Econ\u00f4mico e Social (BNDES) apresentou a sua nova plataforma de transpar\u00eancia. O projeto, em parceria com o Tribunal de Contas da Uni\u00e3o (TCU), foi detalhado em uma audi\u00eancia p\u00fablica, que teve como objetivo ouvir a sociedade para atender futuras melhorias na ferramenta. \u201cAcabou aquela \u00e9poca em que algu\u00e9m podia falar [&hellip;]<\/p>\n","protected":false},"author":2,"featured_media":148303,"comment_status":"open","ping_status":"closed","sticky":false,"template":"","format":"standard","meta":{"tdm_status":"","tdm_grid_status":"","footnotes":""},"categories":[22,7],"tags":[],"class_list":{"0":"post-149747","1":"post","2":"type-post","3":"status-publish","4":"format-standard","5":"has-post-thumbnail","7":"category-brasil","8":"category-economia"},"_links":{"self":[{"href":"https:\/\/migracao.redenoticia.com.br\/noticia\/wp-json\/wp\/v2\/posts\/149747","targetHints":{"allow":["GET"]}}],"collection":[{"href":"https:\/\/migracao.redenoticia.com.br\/noticia\/wp-json\/wp\/v2\/posts"}],"about":[{"href":"https:\/\/migracao.redenoticia.com.br\/noticia\/wp-json\/wp\/v2\/types\/post"}],"author":[{"embeddable":true,"href":"https:\/\/migracao.redenoticia.com.br\/noticia\/wp-json\/wp\/v2\/users\/2"}],"replies":[{"embeddable":true,"href":"https:\/\/migracao.redenoticia.com.br\/noticia\/wp-json\/wp\/v2\/comments?post=149747"}],"version-history":[{"count":0,"href":"https:\/\/migracao.redenoticia.com.br\/noticia\/wp-json\/wp\/v2\/posts\/149747\/revisions"}],"wp:featuredmedia":[{"embeddable":true,"href":"https:\/\/migracao.redenoticia.com.br\/noticia\/wp-json\/wp\/v2\/media\/148303"}],"wp:attachment":[{"href":"https:\/\/migracao.redenoticia.com.br\/noticia\/wp-json\/wp\/v2\/media?parent=149747"}],"wp:term":[{"taxonomy":"category","embeddable":true,"href":"https:\/\/migracao.redenoticia.com.br\/noticia\/wp-json\/wp\/v2\/categories?post=149747"},{"taxonomy":"post_tag","embeddable":true,"href":"https:\/\/migracao.redenoticia.com.br\/noticia\/wp-json\/wp\/v2\/tags?post=149747"}],"curies":[{"name":"wp","href":"https:\/\/api.w.org\/{rel}","templated":true}]}}