{"id":149776,"date":"2018-08-22T16:00:25","date_gmt":"2018-08-22T19:00:25","guid":{"rendered":"https:\/\/www.redenoticia.com.br\/noticia\/?p=149776"},"modified":"2018-08-22T16:00:25","modified_gmt":"2018-08-22T19:00:25","slug":"resumo-novela-as-aventuras-de-poliana-23-08-sergio-diz-para-nadine-que-e-casado","status":"publish","type":"post","link":"https:\/\/migracao.redenoticia.com.br\/noticia\/2018\/resumo-novela-as-aventuras-de-poliana-23-08-sergio-diz-para-nadine-que-e-casado\/149776","title":{"rendered":"Resumo novela \u201cAs Aventuras de Poliana\u201d 23\/08: S\u00e9rgio diz para Nadine que \u00e9 casado"},"content":{"rendered":"<p><img loading=\"lazy\" decoding=\"async\" class=\"alignleft size-thumbnail wp-image-148201\" src=\"https:\/\/migracao.redenoticia.com.br\/noticia\/imagens\/poliana-150x112.jpg\" alt=\"\" width=\"150\" height=\"112\" srcset=\"https:\/\/migracao.redenoticia.com.br\/noticia\/imagens\/poliana-150x112.jpg 150w, https:\/\/migracao.redenoticia.com.br\/noticia\/imagens\/poliana-265x198.jpg 265w, https:\/\/migracao.redenoticia.com.br\/noticia\/imagens\/poliana-485x360.jpg 485w, https:\/\/migracao.redenoticia.com.br\/noticia\/imagens\/poliana-534x400.jpg 534w\" sizes=\"auto, (max-width: 150px) 100vw, 150px\" \/><strong><em>Resumo novela \u201cAs Aventuras de Poliana\u201d 23\/08 <\/em><\/strong>: no cap\u00edtulo 072(*) da novela \u201cAs Aventuras de Poliana\u201d, resumo de quinta-feira, 23 de agosto, Ver\u00f4nica diz para Arlete que o projeto delas para entrar no Comit\u00ea La\u00e7o Azul ser\u00e1 ajudar os cachorros carentes da Comunidade Bem-Te-Vi. Vini vai tomar caf\u00e9 da manh\u00e3 com Mirela e Dona Branca. Acontece uma nova reuni\u00e3o na O11O. Joana continua incomodada com o apoio excessivo de Nadini. Ruth chama a aten\u00e7\u00e3o de Lindomar por fazer os instaladores irem embora por acreditarem na bobagem dele de fantasmas. Poliana avisa aos amigos que voltar\u00e1 na casa do Sr. Pendleton para pegar o telesc\u00f3pio de volta e que j\u00e1 est\u00e1 combinado com o homem.<\/p>\n<p>Iuri tenta conversar com Sophie na escola a respeito da banda. A professora de m\u00fasica diz que n\u00e3o deve satisfa\u00e7\u00e3o da vida dela para ningu\u00e9m. Vini diz para Mirela que ela deveria deixar Guilherme para l\u00e1, assim como ele j\u00e1 desencanou de Raquel. Gabi organiza uma promo\u00e7\u00e3o na escola para arrecadar fundos para o gr\u00eamio. O pr\u00eamio ser\u00e1 a escolha de um dos alunos para passar uma tarde com Luca Tuber. Afonso entrega um presente de desculpa para Lu\u00edsa em nome do Durval. S\u00e9rgio diz para Nadine que n\u00e3o ser\u00e3o amigos, pois ele \u00e9 casado.<\/p>\n<p>Ao conversar com Roger, Nadine fala que n\u00e3o gostou do comportamento de S\u00e9rgio e acredita que a maneira como ele trata o chefe \u00e9 sem respeito. Otto diz para Roger dar um incentivo para S\u00e9rgio, que tem se dedicado demais para o sucesso da empresa. Roger ent\u00e3o decide criar v\u00e1rios empecilhos para desmerecer S\u00e9rgio e evitar que ele receba o incentivo. Na reuni\u00e3o do Comit\u00ea La\u00e7o Azul, come\u00e7am as apresenta\u00e7\u00f5es das candidatas a entrarem no comit\u00ea. As associadas escolheram quem deve entrar ou n\u00e3o no comit\u00ea. Come\u00e7am as audi\u00e7\u00f5es feitas por Luca Tuber para escolher qual das alunas passar\u00e1 uma tarde com ele.<\/p>\n<p>(*) edi\u00e7\u00e3o do SBT, Novela \u201cAs Aventuras de Poliana\u201d, sujeito a altera\u00e7\u00e3o de data e conte\u00fado.<\/p>\n<p>Poliana \u00e9 uma menina extrovertida e de bom cora\u00e7\u00e3o que viajava o Brasil com seus pais, Lorenzo e Alice, no grupo circense Trupe Vagalume. Aos onze anos a garota v\u00ea seu mundo desabar quando seus pais falecem e ela tem que ir morar em S\u00e3o Paulo com sua tia Lu\u00edsa, uma mulher rica e severa, a qual ela n\u00e3o conhecia e que n\u00e3o queria cuidar dela, embora sinta que \u00e9 sua obriga\u00e7\u00e3o pela alma de sua irm\u00e3. Apesar do jeito da rigidez da tia, Poliana decide ter uma vis\u00e3o positiva e inabal\u00e1vel da vida, mesmo nos momentos de dificuldade, tentando levar um pouco de felicidade para a vida de cada um dos seus novos amigos e vizinhos, como o Sr. Pendleton, um homem rico e infeliz por nunca ter tido filhos. Ela vai estudar no col\u00e9gio de Ruth, uma diretora de bom cora\u00e7\u00e3o que a ajuda a se adaptar, mas tem que lidar com as vilanias de Mirela, garota mais velha que n\u00e3o aceita perder a popularidade para uma novata.<\/p>\n","protected":false},"excerpt":{"rendered":"<p>Resumo novela \u201cAs Aventuras de Poliana\u201d 23\/08 : no cap\u00edtulo 072(*) da novela \u201cAs Aventuras de Poliana\u201d, resumo de quinta-feira, 23 de agosto, Ver\u00f4nica diz para Arlete que o projeto delas para entrar no Comit\u00ea La\u00e7o Azul ser\u00e1 ajudar os cachorros carentes da Comunidade Bem-Te-Vi. Vini vai tomar caf\u00e9 da manh\u00e3 com Mirela e Dona [&hellip;]<\/p>\n","protected":false},"author":4,"featured_media":148663,"comment_status":"open","ping_status":"closed","sticky":false,"template":"","format":"standard","meta":{"tdm_status":"","tdm_grid_status":"","footnotes":""},"categories":[477,379,372,343],"tags":[441],"class_list":{"0":"post-149776","1":"post","2":"type-post","3":"status-publish","4":"format-standard","5":"has-post-thumbnail","7":"category-as-aventuras-de-poliana","8":"category-novelas","9":"category-sbt","10":"category-televisao","11":"tag-resumo-do-dia"},"_links":{"self":[{"href":"https:\/\/migracao.redenoticia.com.br\/noticia\/wp-json\/wp\/v2\/posts\/149776","targetHints":{"allow":["GET"]}}],"collection":[{"href":"https:\/\/migracao.redenoticia.com.br\/noticia\/wp-json\/wp\/v2\/posts"}],"about":[{"href":"https:\/\/migracao.redenoticia.com.br\/noticia\/wp-json\/wp\/v2\/types\/post"}],"author":[{"embeddable":true,"href":"https:\/\/migracao.redenoticia.com.br\/noticia\/wp-json\/wp\/v2\/users\/4"}],"replies":[{"embeddable":true,"href":"https:\/\/migracao.redenoticia.com.br\/noticia\/wp-json\/wp\/v2\/comments?post=149776"}],"version-history":[{"count":0,"href":"https:\/\/migracao.redenoticia.com.br\/noticia\/wp-json\/wp\/v2\/posts\/149776\/revisions"}],"wp:featuredmedia":[{"embeddable":true,"href":"https:\/\/migracao.redenoticia.com.br\/noticia\/wp-json\/wp\/v2\/media\/148663"}],"wp:attachment":[{"href":"https:\/\/migracao.redenoticia.com.br\/noticia\/wp-json\/wp\/v2\/media?parent=149776"}],"wp:term":[{"taxonomy":"category","embeddable":true,"href":"https:\/\/migracao.redenoticia.com.br\/noticia\/wp-json\/wp\/v2\/categories?post=149776"},{"taxonomy":"post_tag","embeddable":true,"href":"https:\/\/migracao.redenoticia.com.br\/noticia\/wp-json\/wp\/v2\/tags?post=149776"}],"curies":[{"name":"wp","href":"https:\/\/api.w.org\/{rel}","templated":true}]}}