{"id":149847,"date":"2018-08-22T22:28:16","date_gmt":"2018-08-23T01:28:16","guid":{"rendered":"https:\/\/www.redenoticia.com.br\/noticia\/?p=149847"},"modified":"2018-08-22T22:28:16","modified_gmt":"2018-08-23T01:28:16","slug":"pesquisa-revela-que-trabalho-informal-cresceu-77-em-um-ano-no-rio","status":"publish","type":"post","link":"https:\/\/migracao.redenoticia.com.br\/noticia\/2018\/pesquisa-revela-que-trabalho-informal-cresceu-77-em-um-ano-no-rio\/149847","title":{"rendered":"Pesquisa revela que trabalho informal cresceu 7,7% em um ano no Rio"},"content":{"rendered":"<p><img loading=\"lazy\" decoding=\"async\" class=\"alignleft size-thumbnail wp-image-148309\" src=\"https:\/\/migracao.redenoticia.com.br\/noticia\/imagens\/grafico-econ-150x112.jpg\" alt=\"\" width=\"150\" height=\"112\" srcset=\"https:\/\/migracao.redenoticia.com.br\/noticia\/imagens\/grafico-econ-150x112.jpg 150w, https:\/\/migracao.redenoticia.com.br\/noticia\/imagens\/grafico-econ-265x198.jpg 265w\" sizes=\"auto, (max-width: 150px) 100vw, 150px\" \/>O <strong><em>trabalho informal<\/em><\/strong> cresceu 7,7% no segundo trimestre deste ano, comparativamente ao segundo trimestre do ano passado, no Rio de Janeiro. A informa\u00e7\u00e3o consta de levantamento divulgada pela Federa\u00e7\u00e3o do Com\u00e9rcio de Bens, Servi\u00e7os e Turismo do Estado do Rio (Fecom\u00e9rcio RJ), baseado na Pesquisa Nacional por Amostra de Domic\u00edlios Cont\u00ednua (Pnad Cont\u00ednua), do Instituto Brasileiro de Geografia e Estat\u00edstica (IBGE).<\/p>\n<p>Segundo a Fecom\u00e9rcio, o levantamento, ao apontar crescimento da informalidade no segundo trimestre deste ano no estado do Rio de Janeiro, revela que o n\u00famero de empregados do setor privado sem carteira assinada saltou de 7,9% para 8,2% em rela\u00e7\u00e3o ao trimestre anterior, um crescimento de 0,3 ponto percentual.<\/p>\n<p>O aumento da informalidade pode ser medido a partir dos indicadores relativos \u00e0 queda no n\u00famero de trabalhadores com carteira assinada, que passou de 39,5% nos primeiros tr\u00eas meses deste ano, para 38,4% no segundo trimestre \u2013 uma queda de 1,1 ponto percentual.<\/p>\n<p>Na compara\u00e7\u00e3o anual, a perda foi ainda maior: de 41,1% no ano passado para 38,4% neste ano, queda de 2,7 ponto percentual. \u201c\u00c9 o menor \u00edndice de emprego formal desde 2014\u201d, assegura a Fecom\u00e9rcio.<\/p>\n<p>Segundo a entidade, os \u00edndices de informalidade no estado do Rio de Janeiro cresceram mais que os relativos \u00e0 informalidade nos outros estados da federa\u00e7\u00e3o.<\/p>\n<p>Trabalhadores por conta pr\u00f3pria<\/p>\n<p>Os dados levantados pela Fecom\u00e9rcio da pesquisa mostram que, com o recorte da situa\u00e7\u00e3o do emprego no estado do Rio, a partir das informa\u00e7\u00f5es da Pesquisa Nacional por Amostra de Domic\u00edlio (Pnad) Cont\u00ednua, o n\u00famero de trabalhadores por conta pr\u00f3pria alcan\u00e7ou no Rio de Janeiro o maior \u00edndice da s\u00e9rie hist\u00f3rica desde 2014, quando a crise se tornou mais forte.<\/p>\n<p>Nesse per\u00edodo, o menor patamar registrado do \u00edndice foi no primeiro trimestre de 2014, com 21,1% dos entrevistados afirmando estarem nesta situa\u00e7\u00e3o.<\/p>\n<p>Nielmar de Oliveira &#8211; Rep\u00f3rter da Ag\u00eancia Brasil<br \/>\nEdi\u00e7\u00e3o: N\u00e1dia Franco<br \/>\n23\/08\/2018<\/p>\n","protected":false},"excerpt":{"rendered":"<p>O trabalho informal cresceu 7,7% no segundo trimestre deste ano, comparativamente ao segundo trimestre do ano passado, no Rio de Janeiro. A informa\u00e7\u00e3o consta de levantamento divulgada pela Federa\u00e7\u00e3o do Com\u00e9rcio de Bens, Servi\u00e7os e Turismo do Estado do Rio (Fecom\u00e9rcio RJ), baseado na Pesquisa Nacional por Amostra de Domic\u00edlios Cont\u00ednua (Pnad Cont\u00ednua), do Instituto [&hellip;]<\/p>\n","protected":false},"author":2,"featured_media":148309,"comment_status":"open","ping_status":"closed","sticky":false,"template":"","format":"standard","meta":{"tdm_status":"","tdm_grid_status":"","footnotes":""},"categories":[22,7],"tags":[],"class_list":{"0":"post-149847","1":"post","2":"type-post","3":"status-publish","4":"format-standard","5":"has-post-thumbnail","7":"category-brasil","8":"category-economia"},"_links":{"self":[{"href":"https:\/\/migracao.redenoticia.com.br\/noticia\/wp-json\/wp\/v2\/posts\/149847","targetHints":{"allow":["GET"]}}],"collection":[{"href":"https:\/\/migracao.redenoticia.com.br\/noticia\/wp-json\/wp\/v2\/posts"}],"about":[{"href":"https:\/\/migracao.redenoticia.com.br\/noticia\/wp-json\/wp\/v2\/types\/post"}],"author":[{"embeddable":true,"href":"https:\/\/migracao.redenoticia.com.br\/noticia\/wp-json\/wp\/v2\/users\/2"}],"replies":[{"embeddable":true,"href":"https:\/\/migracao.redenoticia.com.br\/noticia\/wp-json\/wp\/v2\/comments?post=149847"}],"version-history":[{"count":0,"href":"https:\/\/migracao.redenoticia.com.br\/noticia\/wp-json\/wp\/v2\/posts\/149847\/revisions"}],"wp:featuredmedia":[{"embeddable":true,"href":"https:\/\/migracao.redenoticia.com.br\/noticia\/wp-json\/wp\/v2\/media\/148309"}],"wp:attachment":[{"href":"https:\/\/migracao.redenoticia.com.br\/noticia\/wp-json\/wp\/v2\/media?parent=149847"}],"wp:term":[{"taxonomy":"category","embeddable":true,"href":"https:\/\/migracao.redenoticia.com.br\/noticia\/wp-json\/wp\/v2\/categories?post=149847"},{"taxonomy":"post_tag","embeddable":true,"href":"https:\/\/migracao.redenoticia.com.br\/noticia\/wp-json\/wp\/v2\/tags?post=149847"}],"curies":[{"name":"wp","href":"https:\/\/api.w.org\/{rel}","templated":true}]}}