{"id":149886,"date":"2018-08-23T14:22:43","date_gmt":"2018-08-23T17:22:43","guid":{"rendered":"https:\/\/www.redenoticia.com.br\/noticia\/?p=149886"},"modified":"2018-08-23T14:22:43","modified_gmt":"2018-08-23T17:22:43","slug":"resumo-novela-chiquititas-24-08-carol-coloca-um-bilhete-no-pombo-correio-de-teca","status":"publish","type":"post","link":"https:\/\/migracao.redenoticia.com.br\/noticia\/2018\/resumo-novela-chiquititas-24-08-carol-coloca-um-bilhete-no-pombo-correio-de-teca\/149886","title":{"rendered":"Resumo novela \u201cChiquititas\u201d 24\/08: Carol coloca um bilhete no pombo-correio de Teca"},"content":{"rendered":"<p><img loading=\"lazy\" decoding=\"async\" class=\"alignleft size-thumbnail wp-image-148665\" src=\"https:\/\/migracao.redenoticia.com.br\/noticia\/imagens\/chiquititas-sbt-150x112.jpg\" alt=\"\" width=\"150\" height=\"112\" srcset=\"https:\/\/migracao.redenoticia.com.br\/noticia\/imagens\/chiquititas-sbt-150x112.jpg 150w, https:\/\/migracao.redenoticia.com.br\/noticia\/imagens\/chiquititas-sbt-265x198.jpg 265w\" sizes=\"auto, (max-width: 150px) 100vw, 150px\" \/><strong><em>Resumo novela \u201cChiquititas\u201d 24\/08 <\/em><\/strong>: no cap\u00edtulo 509(*) da novela \u201cChiquititas\u201d, resumo de sexta-feira, 24 de agosto, Andr\u00e9 chega com os meninos no orfanato. Ao notarem que Cris est\u00e1 na sala, todos saem correndo para deixar os dois a s\u00f3s. Bia diz que acha que foi Teca quem contou os segredos para Marian. A menina devolve para Maria a boneca Laura. As outras garotas prometem levar brinquedos que n\u00e3o usam mais para dar para a pequena que devolveu a boneca. Carmen finge chorar de preocupa\u00e7\u00e3o com o sumi\u00e7o de Gabriela.<\/p>\n<p>Beto est\u00e1 preocupado com a falta de not\u00edcias de Carol e avisa Tobias que ligar\u00e1 para a pol\u00edcia se ela n\u00e3o der algum sinal. Enquanto isso, Carol chora de desespero no s\u00f3t\u00e3o. Ela chega \u00e0 conclus\u00e3o que foi Carmen que a trancou de prop\u00f3sito. Sim\u00e3o diz para Junior que quando as coisas est\u00e3o mais complicadas \u00e9 quando tudo se soluciona. Mili fica sabendo do sequestro. No cativeiro, Gabriela consegue se soltar das amarras enquanto Armando dorme. Gabi tenta fugir, mas \u00e9 recapturada pelo vil\u00e3o. O pombo-correio de Teca entra pela abertura no teto do s\u00f3t\u00e3o onde Carol est\u00e1.<\/p>\n<p>Carol escreve um bilhete. Joana conta para Maria que s\u00f3 saber\u00e1 o motivo de sua tosse assim que sair o resultado dos exames. Maria chora e diz estar preocupada com a sa\u00fade da m\u00e3e. Teca assume que contou os segredos das chiquititas para Marian. Todos perdoam Teca, mas querem se vingar de Marian. Mili vai at\u00e9 a mans\u00e3o dos Almeida Campos dar apoio para Junior. Marian diz para Mili que ela n\u00e3o \u00e9 bem-vinda l\u00e1. Mili responde que \u00e9 amiga de Gabriela e Junior, que foi dar seu apoio e que esse n\u00e3o \u00e9 o momento para Marian arrumar confus\u00e3o.<\/p>\n<p>(*) edi\u00e7\u00e3o do SBT, Novela \u201cChiquititas\u201d, sujeito a altera\u00e7\u00e3o de data e conte\u00fado.<\/p>\n<p>Chiquititas gira em torno do orfanato Raio de Luz, que carrega em sua hist\u00f3ria um grande segredo envolvendo a fam\u00edlia e o dono do orfanato, Dr. Jos\u00e9 Ricardo Almeida Campos. Em um per\u00edodo anterior \u00e0 novela, exatos treze anos, sua filha Gabriela se apaixonou e ficou gr\u00e1vida de Miguel, filho de Valentina, empregada da casa dos Almeida Campos. Pouco depois, Jos\u00e9 Ricardo sequestrou sua neta, pois, como um homem conservador, ele n\u00e3o aceitava a ideia de que sua filha se envolvesse com um empregado. Como sua neta, Milena, apelidada como Mili, precisava de um lugar para morar, ele comprou um casar\u00e3o e fundou um orfanato, o Raio de Luz.<\/p>\n<p>Mili cresceu l\u00e1 com outras garotas que chegaram posteriormente: Bia, Ana, as irm\u00e3s Tati e Vivi, e Cris. Ao decorrer dos anos, elas se tornam uma fam\u00edlia. Elas s\u00e3o supervisionadas por Ernestina, zeladora do orfanato, e Chico, o cozinheiro amado pelas internas. Sofia, ex-governanta da fam\u00edlia Almeida Campos, \u00e9 a diretora do lugar, at\u00e9 que Carmem, irm\u00e3 de Jos\u00e9 Ricardo, entre em seu lugar. Chegam ainda mais \u00f3rf\u00e3os: Pata, Mosca, Binho e Rafa, que viviam nas ruas antes de entrarem na institui\u00e7\u00e3o. Pata e Mili tornam-se amigas rapidamente, enquanto Mosca, Binho e Rafa s\u00e3o os primeiros garotos a entrar no abrigo. As crian\u00e7as sem-teto foram ajudadas por uma doce e bela garota que tocam e mudam a vida delas, assim como as das garotas \u00f3rf\u00e3s.<\/p>\n","protected":false},"excerpt":{"rendered":"<p>Resumo novela \u201cChiquititas\u201d 24\/08 : no cap\u00edtulo 509(*) da novela \u201cChiquititas\u201d, resumo de sexta-feira, 24 de agosto, Andr\u00e9 chega com os meninos no orfanato. Ao notarem que Cris est\u00e1 na sala, todos saem correndo para deixar os dois a s\u00f3s. Bia diz que acha que foi Teca quem contou os segredos para Marian. A menina [&hellip;]<\/p>\n","protected":false},"author":4,"featured_media":148666,"comment_status":"open","ping_status":"closed","sticky":false,"template":"","format":"standard","meta":{"tdm_status":"","tdm_grid_status":"","footnotes":""},"categories":[409,379,372,343],"tags":[441],"class_list":{"0":"post-149886","1":"post","2":"type-post","3":"status-publish","4":"format-standard","5":"has-post-thumbnail","7":"category-chiquititas","8":"category-novelas","9":"category-sbt","10":"category-televisao","11":"tag-resumo-do-dia"},"_links":{"self":[{"href":"https:\/\/migracao.redenoticia.com.br\/noticia\/wp-json\/wp\/v2\/posts\/149886","targetHints":{"allow":["GET"]}}],"collection":[{"href":"https:\/\/migracao.redenoticia.com.br\/noticia\/wp-json\/wp\/v2\/posts"}],"about":[{"href":"https:\/\/migracao.redenoticia.com.br\/noticia\/wp-json\/wp\/v2\/types\/post"}],"author":[{"embeddable":true,"href":"https:\/\/migracao.redenoticia.com.br\/noticia\/wp-json\/wp\/v2\/users\/4"}],"replies":[{"embeddable":true,"href":"https:\/\/migracao.redenoticia.com.br\/noticia\/wp-json\/wp\/v2\/comments?post=149886"}],"version-history":[{"count":0,"href":"https:\/\/migracao.redenoticia.com.br\/noticia\/wp-json\/wp\/v2\/posts\/149886\/revisions"}],"wp:featuredmedia":[{"embeddable":true,"href":"https:\/\/migracao.redenoticia.com.br\/noticia\/wp-json\/wp\/v2\/media\/148666"}],"wp:attachment":[{"href":"https:\/\/migracao.redenoticia.com.br\/noticia\/wp-json\/wp\/v2\/media?parent=149886"}],"wp:term":[{"taxonomy":"category","embeddable":true,"href":"https:\/\/migracao.redenoticia.com.br\/noticia\/wp-json\/wp\/v2\/categories?post=149886"},{"taxonomy":"post_tag","embeddable":true,"href":"https:\/\/migracao.redenoticia.com.br\/noticia\/wp-json\/wp\/v2\/tags?post=149886"}],"curies":[{"name":"wp","href":"https:\/\/api.w.org\/{rel}","templated":true}]}}