{"id":149976,"date":"2018-08-24T10:39:22","date_gmt":"2018-08-24T13:39:22","guid":{"rendered":"https:\/\/www.redenoticia.com.br\/noticia\/?p=149976"},"modified":"2018-08-25T22:26:18","modified_gmt":"2018-08-26T01:26:18","slug":"resumo-novela-o-tempo-nao-para25-08-samuca-flagra-emilio-a-beijar-marocas","status":"publish","type":"post","link":"https:\/\/migracao.redenoticia.com.br\/noticia\/2018\/resumo-novela-o-tempo-nao-para25-08-samuca-flagra-emilio-a-beijar-marocas\/149976","title":{"rendered":"Resumo novela \u201cO Tempo N\u00e3o Para\u201d 25\/08: Marocas se aconselha com Carmen"},"content":{"rendered":"<p><img loading=\"lazy\" decoding=\"async\" class=\"alignleft size-thumbnail wp-image-148135\" src=\"https:\/\/migracao.redenoticia.com.br\/noticia\/imagens\/o-tempo-nao-para-novela-resumo-150x112.jpg\" alt=\"\" width=\"150\" height=\"112\" srcset=\"https:\/\/migracao.redenoticia.com.br\/noticia\/imagens\/o-tempo-nao-para-novela-resumo-150x112.jpg 150w, https:\/\/migracao.redenoticia.com.br\/noticia\/imagens\/o-tempo-nao-para-novela-resumo-265x198.jpg 265w, https:\/\/migracao.redenoticia.com.br\/noticia\/imagens\/o-tempo-nao-para-novela-resumo-485x360.jpg 485w\" sizes=\"auto, (max-width: 150px) 100vw, 150px\" \/><strong><em>Resumo novela \u201cO Tempo N\u00e3o Para\u201d 25\/08 <\/em><\/strong>: no cap\u00edtulo 023(*) da novela \u201cO Tempo N\u00e3o Para\u201d, resumo s\u00e1bado, 25 de agosto, Helen descongela Bento e o leva para sua casa. Amadeu desiste de investir na Funda\u00e7\u00e3o Vita. Dom Sabino aceita conversar com Amadeu. Ces\u00e1ria reconhece seu colar no pesco\u00e7o de Monalisa. Amadeu leva Dom Sabino para sua casa. Marciana pede para Lal\u00e1 se afastar de sua filha. Samuca e Carmen se surpreendem com o encontro de Amadeu e Dom Sabino. Amadeu e Dom Sabino descobrem afinidades. Petra vai \u00e0 casa de Helen. Marocas se aconselha com Carmen. <\/p>\n<p>(*) edi\u00e7\u00e3o da Rede Globo, Novela \u201cO Tempo N\u00e3o Para\u201d, sujeito a altera\u00e7\u00e3o de data e conte\u00fado.<\/p>\n<p>Anos de avan\u00e7os e descobertas que moldaram costumes, h\u00e1bitos e linguagens da sociedade contempor\u00e2nea v\u00e3o gerar um choque em uma abastada fam\u00edlia do s\u00e9culo XIX que desperta no s\u00e9culo XXI. Por 132 anos, os Sabino Machado e seus agregados ficaram congelados, dentro de um bloco de gelo, enquanto a vida l\u00e1 fora passava. Agora, v\u00e3o despertar em uma S\u00e3o Paulo pulsante e turbulenta e se deparar com a sociedade em pleno 2018. &#8220;O Tempo N\u00e3o Para&#8221;, nova novela das 7, \u00e9 escrita por Mario Teixeira e tem dire\u00e7\u00e3o art\u00edstica de Leonardo Nogueira.<\/p>\n","protected":false},"excerpt":{"rendered":"<p>Resumo novela \u201cO Tempo N\u00e3o Para\u201d 25\/08 : no cap\u00edtulo 023(*) da novela \u201cO Tempo N\u00e3o Para\u201d, resumo s\u00e1bado, 25 de agosto, Helen descongela Bento e o leva para sua casa. Amadeu desiste de investir na Funda\u00e7\u00e3o Vita. Dom Sabino aceita conversar com Amadeu. Ces\u00e1ria reconhece seu colar no pesco\u00e7o de Monalisa. Amadeu leva Dom [&hellip;]<\/p>\n","protected":false},"author":4,"featured_media":148135,"comment_status":"open","ping_status":"closed","sticky":false,"template":"","format":"standard","meta":{"tdm_status":"","tdm_grid_status":"","footnotes":""},"categories":[379,490,375,343],"tags":[441],"class_list":{"0":"post-149976","1":"post","2":"type-post","3":"status-publish","4":"format-standard","5":"has-post-thumbnail","7":"category-novelas","8":"category-o-tempo-nao-para","9":"category-rede-globo","10":"category-televisao","11":"tag-resumo-do-dia"},"_links":{"self":[{"href":"https:\/\/migracao.redenoticia.com.br\/noticia\/wp-json\/wp\/v2\/posts\/149976","targetHints":{"allow":["GET"]}}],"collection":[{"href":"https:\/\/migracao.redenoticia.com.br\/noticia\/wp-json\/wp\/v2\/posts"}],"about":[{"href":"https:\/\/migracao.redenoticia.com.br\/noticia\/wp-json\/wp\/v2\/types\/post"}],"author":[{"embeddable":true,"href":"https:\/\/migracao.redenoticia.com.br\/noticia\/wp-json\/wp\/v2\/users\/4"}],"replies":[{"embeddable":true,"href":"https:\/\/migracao.redenoticia.com.br\/noticia\/wp-json\/wp\/v2\/comments?post=149976"}],"version-history":[{"count":0,"href":"https:\/\/migracao.redenoticia.com.br\/noticia\/wp-json\/wp\/v2\/posts\/149976\/revisions"}],"wp:featuredmedia":[{"embeddable":true,"href":"https:\/\/migracao.redenoticia.com.br\/noticia\/wp-json\/wp\/v2\/media\/148135"}],"wp:attachment":[{"href":"https:\/\/migracao.redenoticia.com.br\/noticia\/wp-json\/wp\/v2\/media?parent=149976"}],"wp:term":[{"taxonomy":"category","embeddable":true,"href":"https:\/\/migracao.redenoticia.com.br\/noticia\/wp-json\/wp\/v2\/categories?post=149976"},{"taxonomy":"post_tag","embeddable":true,"href":"https:\/\/migracao.redenoticia.com.br\/noticia\/wp-json\/wp\/v2\/tags?post=149976"}],"curies":[{"name":"wp","href":"https:\/\/api.w.org\/{rel}","templated":true}]}}