{"id":150017,"date":"2018-08-25T00:02:59","date_gmt":"2018-08-25T03:02:59","guid":{"rendered":"https:\/\/www.redenoticia.com.br\/noticia\/?p=150017"},"modified":"2018-08-24T20:10:07","modified_gmt":"2018-08-24T23:10:07","slug":"resumo-novela-que-pobres-tao-ricos-27-08-minerva-nao-encontra-miguel-angelo","status":"publish","type":"post","link":"https:\/\/migracao.redenoticia.com.br\/noticia\/2018\/resumo-novela-que-pobres-tao-ricos-27-08-minerva-nao-encontra-miguel-angelo\/150017","title":{"rendered":"Resumo novela \u201cQue Pobres T\u00e3o Ricos\u201d 27\/08: Minerva n\u00e3o encontra Miguel \u00c2ngelo"},"content":{"rendered":"<p> <img loading=\"lazy\" decoding=\"async\" class=\"alignleft size-thumbnail wp-image-148670\" src=\"https:\/\/migracao.redenoticia.com.br\/noticia\/imagens\/que-pobres-tao-ricos-sbt-150x112.jpg\" alt=\"\" width=\"150\" height=\"112\" srcset=\"https:\/\/migracao.redenoticia.com.br\/noticia\/imagens\/que-pobres-tao-ricos-sbt-150x113.jpg 150w, https:\/\/migracao.redenoticia.com.br\/noticia\/imagens\/que-pobres-tao-ricos-sbt-250x187.jpg 250w, https:\/\/migracao.redenoticia.com.br\/noticia\/imagens\/que-pobres-tao-ricos-sbt.jpg 400w, https:\/\/migracao.redenoticia.com.br\/noticia\/imagens\/que-pobres-tao-ricos-sbt-265x198.jpg 265w\" sizes=\"auto, (max-width: 150px) 100vw, 150px\" \/><strong><em>Resumo novela \u201cQue Pobres T\u00e3o Ricos\u201d 27\/08 <\/em><\/strong>: no cap\u00edtulo 026(*) da novela \u201cQue Pobres T\u00e3o Ricos\u201d, resumo de segunda-feira, 27 de agosto, Saul e Miguel \u00c2ngelo v\u00e3o conversam com o Senhor Trejo para seguir com a avalia\u00e7\u00e3o da casa dos Mendon\u00e7a, mas sua secret\u00e1ria conta que ele morreu. Miguel \u00c2ngelo v\u00ea destru\u00edda sua esperan\u00e7a de voltar a ser rico de novo. Leonardo conversa com Micaela por telefone e ela lhe diz que amanh\u00e3 chegar\u00e1 ao M\u00e9xico para conhecer sua rica fam\u00edlia. Leonardo entra em p\u00e2nico ao pensar que ela vai descobrir que sua fam\u00edlia caiu na mis\u00e9ria. <\/p>\n<p>Leonardo pede ajuda a Ana Sofia para esconder sua pobreza dos olhos de Micaela, ela concorda e est\u00e1 disposta a mostrar-lhe o maravilhoso \u201cconvento\u201d em que est\u00e1 vivendo. Minerva investiga as redes sociais de Frida para encontrar algo que indique o paradeiro de Miguel \u00c2ngelo, mas n\u00e3o encontra nada e pensa em perguntar a Tato sobre a localiza\u00e7\u00e3o dos Ruiz Pal\u00e1cios. Leonardo repreende Ana Sofia por ter roubado o dinheiro dos Mendon\u00e7a e lhe diz que esse dinheiro nem sequer era deles, mas Ana Sofia lhe pede que n\u00e3o a julgue. Emiliano recebe uma grande not\u00edcia quando sua professora lhe diz que seu pai o est\u00e1 esperando na porta da escola.<\/p>\n<p>(*) edi\u00e7\u00e3o do SBT, Novela \u201cQue Pobres T\u00e3o Ricos\u201d, sujeito a altera\u00e7\u00e3o de data e conte\u00fado.<\/p>\n<p>\u201cQue Pobres T\u00e3o Ricos\u201d \u00e9 uma hist\u00f3ria de amor, romance, encontros e desencontros e um sem n\u00famero de divertidos enredos entre duas fam\u00edlias que n\u00e3o tem nada em comum, mas que agora estar\u00e3o obrigadas a conviver na mesma casa. De um lado, os Ruizpalacios, milion\u00e1rios de linhagem, e do outro, os Menchaca, uma cl\u00e1ssica fam\u00edlia de bairro.<\/p>\n<p>Todo come\u00e7ou diante da incapacidade da av\u00f3 Mati Ruizpalacios, de seguir em frente da empresa familiar. E \u00e9 assim que Miguel \u00c2ngelo, seu neto consentido, que leva 11 anos vivendo em Londres, retorna ao M\u00e9xico para a leitura de uma cl\u00e1usula do testamento do seu av\u00f4 Don Aureliano, que dita: &#8220;Herdar\u00e1 o cons\u00f3rcio o primeiro de meus netos que esteja formalmente casado e tenha um filho var\u00e3o&#8221;.<\/p>\n<p>\u00c9 ent\u00e3o que, sem pretender, Miguel \u00c2ngelo ter\u00e1 em seu primo Alejo, um ambicioso inimigo que o envolver\u00e1 em uma fraude, e assim provocar\u00e1 que Miguel \u00c2ngelo e sua fam\u00edlia percam sua fortuna, al\u00e9m de todas suas propriedades, ficando s\u00f3 com um terreno na col\u00f4nia La Nopalera, onde, para sua surpresa, hoje vivem os Menchaca. <\/p>\n","protected":false},"excerpt":{"rendered":"<p>Resumo novela \u201cQue Pobres T\u00e3o Ricos\u201d 27\/08 : no cap\u00edtulo 026(*) da novela \u201cQue Pobres T\u00e3o Ricos\u201d, resumo de segunda-feira, 27 de agosto, Saul e Miguel \u00c2ngelo v\u00e3o conversam com o Senhor Trejo para seguir com a avalia\u00e7\u00e3o da casa dos Mendon\u00e7a, mas sua secret\u00e1ria conta que ele morreu. Miguel \u00c2ngelo v\u00ea destru\u00edda sua esperan\u00e7a [&hellip;]<\/p>\n","protected":false},"author":2,"featured_media":148669,"comment_status":"open","ping_status":"closed","sticky":false,"template":"","format":"standard","meta":{"tdm_status":"","tdm_grid_status":"","footnotes":""},"categories":[379,372,343],"tags":[441],"class_list":{"0":"post-150017","1":"post","2":"type-post","3":"status-publish","4":"format-standard","5":"has-post-thumbnail","7":"category-novelas","8":"category-sbt","9":"category-televisao","10":"tag-resumo-do-dia"},"_links":{"self":[{"href":"https:\/\/migracao.redenoticia.com.br\/noticia\/wp-json\/wp\/v2\/posts\/150017","targetHints":{"allow":["GET"]}}],"collection":[{"href":"https:\/\/migracao.redenoticia.com.br\/noticia\/wp-json\/wp\/v2\/posts"}],"about":[{"href":"https:\/\/migracao.redenoticia.com.br\/noticia\/wp-json\/wp\/v2\/types\/post"}],"author":[{"embeddable":true,"href":"https:\/\/migracao.redenoticia.com.br\/noticia\/wp-json\/wp\/v2\/users\/2"}],"replies":[{"embeddable":true,"href":"https:\/\/migracao.redenoticia.com.br\/noticia\/wp-json\/wp\/v2\/comments?post=150017"}],"version-history":[{"count":0,"href":"https:\/\/migracao.redenoticia.com.br\/noticia\/wp-json\/wp\/v2\/posts\/150017\/revisions"}],"wp:featuredmedia":[{"embeddable":true,"href":"https:\/\/migracao.redenoticia.com.br\/noticia\/wp-json\/wp\/v2\/media\/148669"}],"wp:attachment":[{"href":"https:\/\/migracao.redenoticia.com.br\/noticia\/wp-json\/wp\/v2\/media?parent=150017"}],"wp:term":[{"taxonomy":"category","embeddable":true,"href":"https:\/\/migracao.redenoticia.com.br\/noticia\/wp-json\/wp\/v2\/categories?post=150017"},{"taxonomy":"post_tag","embeddable":true,"href":"https:\/\/migracao.redenoticia.com.br\/noticia\/wp-json\/wp\/v2\/tags?post=150017"}],"curies":[{"name":"wp","href":"https:\/\/api.w.org\/{rel}","templated":true}]}}