{"id":150023,"date":"2018-08-25T00:25:19","date_gmt":"2018-08-25T03:25:19","guid":{"rendered":"https:\/\/www.redenoticia.com.br\/noticia\/?p=150023"},"modified":"2018-08-25T01:11:46","modified_gmt":"2018-08-25T04:11:46","slug":"resumo-novela-as-aventuras-de-poliana-27-08-branca-ajuda-joao-e-luigi","status":"publish","type":"post","link":"https:\/\/migracao.redenoticia.com.br\/noticia\/2018\/resumo-novela-as-aventuras-de-poliana-27-08-branca-ajuda-joao-e-luigi\/150023","title":{"rendered":"Resumo novela \u201cAs Aventuras de Poliana\u201d 27\/08: Branca ajuda Jo\u00e3o e Luigi"},"content":{"rendered":"<p> <img loading=\"lazy\" decoding=\"async\" class=\"alignleft size-thumbnail wp-image-148201\" src=\"https:\/\/migracao.redenoticia.com.br\/noticia\/imagens\/poliana-150x112.jpg\" alt=\"\" width=\"150\" height=\"112\" srcset=\"https:\/\/migracao.redenoticia.com.br\/noticia\/imagens\/poliana-150x112.jpg 150w, https:\/\/migracao.redenoticia.com.br\/noticia\/imagens\/poliana-265x198.jpg 265w, https:\/\/migracao.redenoticia.com.br\/noticia\/imagens\/poliana-485x360.jpg 485w, https:\/\/migracao.redenoticia.com.br\/noticia\/imagens\/poliana-534x400.jpg 534w\" sizes=\"auto, (max-width: 150px) 100vw, 150px\" \/><strong><em>Resumo novela \u201cAs Aventuras de Poliana\u201d 27\/08 <\/em><\/strong>: no cap\u00edtulo 074(*) da novela \u201cAs Aventuras de Poliana\u201d, resumo de segunda-feira, 27 de agosto, Poliana vai at\u00e9 a casa de Yasmin para entregar para os g\u00eameos o telesc\u00f3pio que Sr. Pendleton devolveu aos meninos. Sr. Pendleton pergunta par SARA o que ela acha de Poliana. Dona Branca ajuda Jo\u00e3o e Luigi a fugir de \u00c9ric e Hugo. Lu\u00edsa procura Poliana com ajuda de D\u00e9bora, Marcelo e Afonso. Poliana est\u00e1 na casa de Durval com Lorena. Filipa vai at\u00e9 a padaria Ora P\u00e3es, P\u00e3es, onde Raquel est\u00e1 trabalhando como gar\u00e7onete. Let\u00edcia aparece na padaria de surpresa ap\u00f3s ver nas redes sociais que a menina estaria ali.<\/p>\n<p>Guilherme conta ao pai que teve seu celular roubado. Jo\u00e3o descobre que foram instaladas c\u00e2meras de seguran\u00e7a enquanto esteve fora. Lu\u00edsa vai at\u00e9 a padaria perguntar se Durval sabe de Poliana, encontra a menina e discute com o irm\u00e3o. Mirela diz para a av\u00f3 que gosta de Guilherme, mas que Luca Tuber \u00e9 seu \u00eddolo e que a ajudaria ficar mais famosa. Dona Branca pro\u00edbe a neta de se expor na internet. Raquel descobre que Luca Tuber fez um v\u00eddeo detonando a padaria de Durval.<\/p>\n<p>Guilherme tira satisfa\u00e7\u00e3o com Luca e os dois se estranham novamente na escola. \u00c9ric e Hugo percebem que n\u00e3o podem fazer mais nada com Luigi na escola devido as novas c\u00e2meras de seguran\u00e7a. As crian\u00e7as decidem falar com Sr. P. para que ele converse com Otto e ajude a m\u00e3e dos g\u00eameos, Claudia, a recuperar o trabalho na O11O. Ant\u00f4nio leva Dona Branca para fazer caminhada. Nadine instala um gravador debaixo da mesa do caf\u00e9 para descobrir o que S\u00e9rgio e Joana conversam em particular.<\/p>\n<p>(*) edi\u00e7\u00e3o do SBT, Novela \u201cAs Aventuras de Poliana\u201d, sujeito a altera\u00e7\u00e3o de data e conte\u00fado.<\/p>\n<p>Poliana \u00e9 uma menina extrovertida e de bom cora\u00e7\u00e3o que viajava o Brasil com seus pais, Lorenzo e Alice, no grupo circense Trupe Vagalume. Aos onze anos a garota v\u00ea seu mundo desabar quando seus pais falecem e ela tem que ir morar em S\u00e3o Paulo com sua tia Lu\u00edsa, uma mulher rica e severa, a qual ela n\u00e3o conhecia e que n\u00e3o queria cuidar dela, embora sinta que \u00e9 sua obriga\u00e7\u00e3o pela alma de sua irm\u00e3. Apesar do jeito da rigidez da tia, Poliana decide ter uma vis\u00e3o positiva e inabal\u00e1vel da vida, mesmo nos momentos de dificuldade, tentando levar um pouco de felicidade para a vida de cada um dos seus novos amigos e vizinhos, como o Sr. Pendleton, um homem rico e infeliz por nunca ter tido filhos. Ela vai estudar no col\u00e9gio de Ruth, uma diretora de bom cora\u00e7\u00e3o que a ajuda a se adaptar, mas tem que lidar com as vilanias de Mirela, garota mais velha que n\u00e3o aceita perder a popularidade para uma novata.<\/p>\n","protected":false},"excerpt":{"rendered":"<p>Resumo novela \u201cAs Aventuras de Poliana\u201d 27\/08 : no cap\u00edtulo 074(*) da novela \u201cAs Aventuras de Poliana\u201d, resumo de segunda-feira, 27 de agosto, Poliana vai at\u00e9 a casa de Yasmin para entregar para os g\u00eameos o telesc\u00f3pio que Sr. Pendleton devolveu aos meninos. Sr. Pendleton pergunta par SARA o que ela acha de Poliana. Dona [&hellip;]<\/p>\n","protected":false},"author":2,"featured_media":148201,"comment_status":"open","ping_status":"closed","sticky":false,"template":"","format":"standard","meta":{"tdm_status":"","tdm_grid_status":"","footnotes":""},"categories":[477,379,372,343],"tags":[441],"class_list":{"0":"post-150023","1":"post","2":"type-post","3":"status-publish","4":"format-standard","5":"has-post-thumbnail","7":"category-as-aventuras-de-poliana","8":"category-novelas","9":"category-sbt","10":"category-televisao","11":"tag-resumo-do-dia"},"_links":{"self":[{"href":"https:\/\/migracao.redenoticia.com.br\/noticia\/wp-json\/wp\/v2\/posts\/150023","targetHints":{"allow":["GET"]}}],"collection":[{"href":"https:\/\/migracao.redenoticia.com.br\/noticia\/wp-json\/wp\/v2\/posts"}],"about":[{"href":"https:\/\/migracao.redenoticia.com.br\/noticia\/wp-json\/wp\/v2\/types\/post"}],"author":[{"embeddable":true,"href":"https:\/\/migracao.redenoticia.com.br\/noticia\/wp-json\/wp\/v2\/users\/2"}],"replies":[{"embeddable":true,"href":"https:\/\/migracao.redenoticia.com.br\/noticia\/wp-json\/wp\/v2\/comments?post=150023"}],"version-history":[{"count":0,"href":"https:\/\/migracao.redenoticia.com.br\/noticia\/wp-json\/wp\/v2\/posts\/150023\/revisions"}],"wp:featuredmedia":[{"embeddable":true,"href":"https:\/\/migracao.redenoticia.com.br\/noticia\/wp-json\/wp\/v2\/media\/148201"}],"wp:attachment":[{"href":"https:\/\/migracao.redenoticia.com.br\/noticia\/wp-json\/wp\/v2\/media?parent=150023"}],"wp:term":[{"taxonomy":"category","embeddable":true,"href":"https:\/\/migracao.redenoticia.com.br\/noticia\/wp-json\/wp\/v2\/categories?post=150023"},{"taxonomy":"post_tag","embeddable":true,"href":"https:\/\/migracao.redenoticia.com.br\/noticia\/wp-json\/wp\/v2\/tags?post=150023"}],"curies":[{"name":"wp","href":"https:\/\/api.w.org\/{rel}","templated":true}]}}