{"id":150079,"date":"2018-08-25T17:44:08","date_gmt":"2018-08-25T20:44:08","guid":{"rendered":"https:\/\/www.redenoticia.com.br\/noticia\/?p=150079"},"modified":"2018-08-25T17:44:08","modified_gmt":"2018-08-25T20:44:08","slug":"previsao-do-tempo-na-regiao-sudeste-em-26-e-27-08","status":"publish","type":"post","link":"https:\/\/migracao.redenoticia.com.br\/noticia\/2018\/previsao-do-tempo-na-regiao-sudeste-em-26-e-27-08\/150079","title":{"rendered":"Previs\u00e3o do tempo na Regi\u00e3o Sudeste em 26 e 27\/08"},"content":{"rendered":"<p> <img loading=\"lazy\" decoding=\"async\" src=\"https:\/\/migracao.redenoticia.com.br\/noticia\/imagens\/cidade-aluguel-150x112.jpg\" alt=\"\" width=\"150\" height=\"112\" class=\"alignleft size-thumbnail wp-image-148089\" srcset=\"https:\/\/migracao.redenoticia.com.br\/noticia\/imagens\/cidade-aluguel-150x112.jpg 150w, https:\/\/migracao.redenoticia.com.br\/noticia\/imagens\/cidade-aluguel-265x198.jpg 265w\" sizes=\"auto, (max-width: 150px) 100vw, 150px\" \/><strong><em> Previs\u00e3o do tempo<\/em><\/strong> na Regi\u00e3o <em><strong>Sudeste<\/strong><\/em>, segundo o CPTEC\/INPE, em 26\/08\/2018: No leste de SP e no Vale do Para\u00edba, oeste de MG haver\u00e1 possibilidade pequena de chuva. No litoral norte de SP haver\u00e1 tempo encoberto com chuva isolada. Em grande parte do centro-sul do RJ haver\u00e1 chuva peri\u00f3dica. O dia ser\u00e1 com muitas nuvens e pancadas de chuva nas demais \u00e1reas do RJ, leste de MG e no ES. Nas demais \u00e1reas da regi\u00e3o haver\u00e1 sol entre poucas nuvens. Temperatura em decl\u00ednio em SP, sul de MG e no RJ. <\/p>\n<p>27\/08\/2018: No nordeste e litoral de SP, centro-norte do RJ, oeste do ES, centro-sul de MG haver\u00e1 possibilidade de chuva. No leste do ES o dia ser\u00e1 de chuva peri\u00f3dica. Nas demais \u00e1reas da regi\u00e3o haver\u00e1 sol e varia\u00e7\u00e3o de nuvens. Temperatura em decl\u00ednio em SP, sul de MG e no RJ. <\/p>\n<p>Previs\u00e3o do tempo CPTEC\/INPE\/MCTI<\/p>\n<p>&#8212;<br \/>\nO CPTEC (Centro de Previs\u00e3o de Tempo e Estudos Clim\u00e1ticos) do INPE (Instituto Nacional de Pesquisas Espaciais) \u00e9 o passaporte do Brasil para o primeiro mundo das previs\u00f5es meteorol\u00f3gicas. Com o novo supercomputador (CRAY XT6), rec\u00e9m adquirido, ser\u00e1 poss\u00edvel ao Centro melhorar a resolu\u00e7\u00e3o espacial dos modelos de previs\u00e3o de tempo, de clima sazonal, ambiental (qualidade do ar) e de proje\u00e7\u00f5es de cen\u00e1rios de mudan\u00e7as clim\u00e1ticas. O CPTEC j\u00e1 vem aperfei\u00e7oando seus modelos para que o novo supercomputador tamb\u00e9m possa gerar previs\u00f5es com mais dias de anteced\u00eancia, al\u00e9m de prever chuvas e eventos extremos com maior confiabilidade.<\/p>\n<p>O cluster UNA com 1100 processadores tem capacidade de processar at\u00e9 5.7 trilh\u00f5es de opera\u00e7\u00f5es aritm\u00e9ticas em ponto flutuante por segundo. Tudo isso, significa possibilidade de utilizar modelos num\u00e9ricos para simula\u00e7\u00e3o de tempo e clima, integrando informa\u00e7\u00f5es atmosf\u00e9ricas e oce\u00e2nicas. O resultado disso s\u00e3o previs\u00f5es de tempo confi\u00e1veis, para todo o pa\u00eds.<\/p>\n","protected":false},"excerpt":{"rendered":"<p>Previs\u00e3o do tempo na Regi\u00e3o Sudeste, segundo o CPTEC\/INPE, em 26\/08\/2018: No leste de SP e no Vale do Para\u00edba, oeste de MG haver\u00e1 possibilidade pequena de chuva. No litoral norte de SP haver\u00e1 tempo encoberto com chuva isolada. Em grande parte do centro-sul do RJ haver\u00e1 chuva peri\u00f3dica. O dia ser\u00e1 com muitas nuvens [&hellip;]<\/p>\n","protected":false},"author":2,"featured_media":148089,"comment_status":"open","ping_status":"closed","sticky":false,"template":"","format":"standard","meta":{"tdm_status":"","tdm_grid_status":"","footnotes":""},"categories":[327],"tags":[486],"class_list":{"0":"post-150079","1":"post","2":"type-post","3":"status-publish","4":"format-standard","5":"has-post-thumbnail","7":"category-clima","8":"tag-previsao-do-tempo"},"_links":{"self":[{"href":"https:\/\/migracao.redenoticia.com.br\/noticia\/wp-json\/wp\/v2\/posts\/150079","targetHints":{"allow":["GET"]}}],"collection":[{"href":"https:\/\/migracao.redenoticia.com.br\/noticia\/wp-json\/wp\/v2\/posts"}],"about":[{"href":"https:\/\/migracao.redenoticia.com.br\/noticia\/wp-json\/wp\/v2\/types\/post"}],"author":[{"embeddable":true,"href":"https:\/\/migracao.redenoticia.com.br\/noticia\/wp-json\/wp\/v2\/users\/2"}],"replies":[{"embeddable":true,"href":"https:\/\/migracao.redenoticia.com.br\/noticia\/wp-json\/wp\/v2\/comments?post=150079"}],"version-history":[{"count":0,"href":"https:\/\/migracao.redenoticia.com.br\/noticia\/wp-json\/wp\/v2\/posts\/150079\/revisions"}],"wp:featuredmedia":[{"embeddable":true,"href":"https:\/\/migracao.redenoticia.com.br\/noticia\/wp-json\/wp\/v2\/media\/148089"}],"wp:attachment":[{"href":"https:\/\/migracao.redenoticia.com.br\/noticia\/wp-json\/wp\/v2\/media?parent=150079"}],"wp:term":[{"taxonomy":"category","embeddable":true,"href":"https:\/\/migracao.redenoticia.com.br\/noticia\/wp-json\/wp\/v2\/categories?post=150079"},{"taxonomy":"post_tag","embeddable":true,"href":"https:\/\/migracao.redenoticia.com.br\/noticia\/wp-json\/wp\/v2\/tags?post=150079"}],"curies":[{"name":"wp","href":"https:\/\/api.w.org\/{rel}","templated":true}]}}