{"id":150118,"date":"2018-08-26T23:52:18","date_gmt":"2018-08-27T02:52:18","guid":{"rendered":"https:\/\/www.redenoticia.com.br\/noticia\/?p=150118"},"modified":"2018-08-28T16:42:18","modified_gmt":"2018-08-28T19:42:18","slug":"novela-luz-do-sol-resumo-28-08-eliana-enfrenta-agenor","status":"publish","type":"post","link":"https:\/\/migracao.redenoticia.com.br\/noticia\/2018\/novela-luz-do-sol-resumo-28-08-eliana-enfrenta-agenor\/150118","title":{"rendered":"Novela \u201cLuz do Sol\u201d resumo 28\/08: Pedro e Nina s\u00e3o perseguidos por desconhecido"},"content":{"rendered":"<p> <img loading=\"lazy\" decoding=\"async\" src=\"https:\/\/migracao.redenoticia.com.br\/noticia\/imagens\/luz-sol-resumo-novela-150x112.jpg\" alt=\"\" width=\"150\" height=\"112\" class=\"alignleft size-thumbnail wp-image-148141\" srcset=\"https:\/\/migracao.redenoticia.com.br\/noticia\/imagens\/luz-sol-resumo-novela-150x112.jpg 150w, https:\/\/migracao.redenoticia.com.br\/noticia\/imagens\/luz-sol-resumo-novela-265x198.jpg 265w, https:\/\/migracao.redenoticia.com.br\/noticia\/imagens\/luz-sol-resumo-novela-485x360.jpg 485w, https:\/\/migracao.redenoticia.com.br\/noticia\/imagens\/luz-sol-resumo-novela-534x398.jpg 534w\" sizes=\"auto, (max-width: 150px) 100vw, 150px\" \/><strong><em>Novela \u201cLuz do Sol\u201d resumo 28\/08<\/em><\/strong>: no capitulo 162 (*) da novela \u201cLuz do Sol\u201d, ter\u00e7a-feira, 28 de agosto, Vicente vai at\u00e9 a cadeia visitar o pai. Agenor pede ao filho que v\u00e1 at\u00e9 Angra, atr\u00e1s de um caderno que cont\u00e9m pistas sobre o seq\u00fcestro. Eliana, arrasada conta para William que foi despedida da escola. Pedro e Nina s\u00e3o perseguidos por um desconhecido, que os fotografa. Lorena sai de casa disfar\u00e7ada e vigia Drica e Bernardo. Vicente entrega para Laura o caderno com as pistas que Agenor encontrou. Bernardo e os amigos decidem promover um campeonato de surf para divulgar a f\u00e1brica. O plano de Priscila falha, e Ver\u00f4nica e Tom continuam sem saber o que fazer para se livrar de Rodrigo Ot\u00e1vio.  <\/p>\n<p>(*) edi\u00e7\u00e3o da Rede Record, Novela \u201cLuz do Sol\u201d, sujeito a altera\u00e7\u00e3o de data e conte\u00fado.<\/p>\n<p>Luz do Sol \u00e9 uma telenovela brasileira produzida pela RecordTV e exibida originalmente entre 21 de mar\u00e7o e 20 de novembro de 2007, em 210 epis\u00f3dios. \u00c9 uma obra representativa na hist\u00f3ria da teledramaturgia da emissora n\u00e3o apenas por isso, mas por ter sido a primeira novela escrita por Ana Maria Moretzsohn para a Record, trazendo a colabora\u00e7\u00e3o de texto de Gustavo Reiz, Ana Clara Santiago, Emilio Boechat e Denise Crispun, com dire\u00e7\u00e3o de Ivan Zettel, F\u00e1bio Junqueira e Jos\u00e9 Carlos Pieri, sob dire\u00e7\u00e3o geral de Ivan Zettel.<\/p>\n<p>Luma Costa interpreta a protagonista, Drica, que foi sequestrada misteriosamente durante sua festa de cinco anos e apareceu afogada em uma praia de pescadores, no qual foi criada sob o nome de Maria Rosa com uma vida humilde. Lu\u00edza Tom\u00e9 e Giuseppe Orist\u00e2nio interpretam os pais biol\u00f3gicos da garota, sendo que enquanto ele desistiu da busca da filha ap\u00f3s 11 anos, ela nunca deixou de busc\u00e1-la, o que acabou ruindo com seu casamento. Patr\u00edcia Fran\u00e7a e Leonardo Br\u00edcio interpretam os pais adotivos de Drica, que criaram-na como filha, sem terem lhe contaram a verdade. Thiago Gagliasso, Paloma Duarte, Petr\u00f4nio Gontijo, Juliana Silveira, Bete Coelho, Floriano Peixoto, Karen Marinho e Let\u00edcia Colin interpretam os demais pap\u00e9is centrais da trama.<\/p>\n","protected":false},"excerpt":{"rendered":"<p>Novela \u201cLuz do Sol\u201d resumo 28\/08: no capitulo 162 (*) da novela \u201cLuz do Sol\u201d, ter\u00e7a-feira, 28 de agosto, Vicente vai at\u00e9 a cadeia visitar o pai. Agenor pede ao filho que v\u00e1 at\u00e9 Angra, atr\u00e1s de um caderno que cont\u00e9m pistas sobre o seq\u00fcestro. Eliana, arrasada conta para William que foi despedida da escola. [&hellip;]<\/p>\n","protected":false},"author":2,"featured_media":148660,"comment_status":"open","ping_status":"closed","sticky":false,"template":"","format":"standard","meta":{"tdm_status":"","tdm_grid_status":"","footnotes":""},"categories":[379,371,343],"tags":[441],"class_list":{"0":"post-150118","1":"post","2":"type-post","3":"status-publish","4":"format-standard","5":"has-post-thumbnail","7":"category-novelas","8":"category-rede-record","9":"category-televisao","10":"tag-resumo-do-dia"},"_links":{"self":[{"href":"https:\/\/migracao.redenoticia.com.br\/noticia\/wp-json\/wp\/v2\/posts\/150118","targetHints":{"allow":["GET"]}}],"collection":[{"href":"https:\/\/migracao.redenoticia.com.br\/noticia\/wp-json\/wp\/v2\/posts"}],"about":[{"href":"https:\/\/migracao.redenoticia.com.br\/noticia\/wp-json\/wp\/v2\/types\/post"}],"author":[{"embeddable":true,"href":"https:\/\/migracao.redenoticia.com.br\/noticia\/wp-json\/wp\/v2\/users\/2"}],"replies":[{"embeddable":true,"href":"https:\/\/migracao.redenoticia.com.br\/noticia\/wp-json\/wp\/v2\/comments?post=150118"}],"version-history":[{"count":0,"href":"https:\/\/migracao.redenoticia.com.br\/noticia\/wp-json\/wp\/v2\/posts\/150118\/revisions"}],"wp:featuredmedia":[{"embeddable":true,"href":"https:\/\/migracao.redenoticia.com.br\/noticia\/wp-json\/wp\/v2\/media\/148660"}],"wp:attachment":[{"href":"https:\/\/migracao.redenoticia.com.br\/noticia\/wp-json\/wp\/v2\/media?parent=150118"}],"wp:term":[{"taxonomy":"category","embeddable":true,"href":"https:\/\/migracao.redenoticia.com.br\/noticia\/wp-json\/wp\/v2\/categories?post=150118"},{"taxonomy":"post_tag","embeddable":true,"href":"https:\/\/migracao.redenoticia.com.br\/noticia\/wp-json\/wp\/v2\/tags?post=150118"}],"curies":[{"name":"wp","href":"https:\/\/api.w.org\/{rel}","templated":true}]}}