{"id":150119,"date":"2018-08-26T23:52:57","date_gmt":"2018-08-27T02:52:57","guid":{"rendered":"https:\/\/www.redenoticia.com.br\/noticia\/?p=150119"},"modified":"2018-08-28T16:51:35","modified_gmt":"2018-08-28T19:51:35","slug":"novela-essas-mulheres-resumo-28-08-fernando-se-preocupa-com-o-dote","status":"publish","type":"post","link":"https:\/\/migracao.redenoticia.com.br\/noticia\/2018\/novela-essas-mulheres-resumo-28-08-fernando-se-preocupa-com-o-dote\/150119","title":{"rendered":"Novela \u201cEssas Mulheres\u201d resumo 28\/08: Fernando se preocupa com o dote"},"content":{"rendered":"<p> <img loading=\"lazy\" decoding=\"async\" src=\"https:\/\/migracao.redenoticia.com.br\/noticia\/imagens\/essas-mulheres-resumo-novela-150x112.jpg\" alt=\"\" width=\"150\" height=\"112\" class=\"alignleft size-thumbnail wp-image-148140\" srcset=\"https:\/\/migracao.redenoticia.com.br\/noticia\/imagens\/essas-mulheres-resumo-novela-150x112.jpg 150w, https:\/\/migracao.redenoticia.com.br\/noticia\/imagens\/essas-mulheres-resumo-novela-265x198.jpg 265w, https:\/\/migracao.redenoticia.com.br\/noticia\/imagens\/essas-mulheres-resumo-novela-485x360.jpg 485w\" sizes=\"auto, (max-width: 150px) 100vw, 150px\" \/><em><strong>Novela \u201cEssas Mulheres\u201d resumo 28\/08<\/strong><\/em>: no capitulo 022 (*) da novela \u201cEssas Mulheres\u201d, ter\u00e7a-feira, 28 de agosto, Cunha acredita que Gl\u00f3ria j\u00e1 possa ser apresentada para um diplomata que est\u00e1 de visita no Brasil. Nicota e Tadeu se agarram dentro do quarto. Camila chega em casa e desmaia ao se deparar com a cena. Tadeu sai para chamar o Dr. Torquato. Gl\u00f3ria pede para Firmina marcar o encontro com o estrangeiro. Rodrigo conta a Ana que conseguiu emprego na guarda civil. <\/p>\n<p>Mariquinhas pede para Tadeu chamar tamb\u00e9m o Fernando. Mila se veste de homem e sai novamente para rua. Jesu\u00edna a reconhece. Artur conta para sua filha que Fernando n\u00e3o possui mais dinheiro no banco. Julia v\u00ea Mila vestida de roupa masculina e se assusta. Mila diz que \u00e9 uma brincadeira. Camila diz a seu filho que Nicota deve se casar com Tadeu. Nicota tenta disfar\u00e7ar sua felicidade e Fernando sua preocupa\u00e7\u00e3o com o dote. <\/p>\n<p>(*) edi\u00e7\u00e3o da Rede Record, Novela \u201cEssas Mulheres\u201d, sujeito a altera\u00e7\u00e3o de data e conte\u00fado.<\/p>\n<p>\u201cEssas Mulheres\u201d &#8211; A trama se passa em 1880, na cidade do Rio de Janeiro, seguindo a vida de tr\u00eas mulheres fortes e determinadas. Aur\u00e9lia (Christine Fernandes), Maria da Gl\u00f3ria (Carla Cabral) e Mila (Miriam Freeland) s\u00e3o grandes amigas que frequentam as aulas de etiqueta juntas, por\u00e9m a vida n\u00e3o demora muito para coloca-las em rumos completamente diferentes. Aur\u00e9lia vivia com sua m\u00e3e e irm\u00e3o em uma casa de favor, por\u00e9m eles s\u00e3o expulsos quando seu tio Lemos (Paulo Gorgulho) vende o im\u00f3vel sem piedade, for\u00e7ando-os a ir morar de aluguel e ela trabalhar como empregada para a arrogante Adelaide (Adriana Garambone) \u2013 que a humilha constantemente e lhe rouba Fernando Seixas (Gabriel Braga Nunes), jornalista com quem ela vivia um romance.<\/p>\n","protected":false},"excerpt":{"rendered":"<p>Novela \u201cEssas Mulheres\u201d resumo 28\/08: no capitulo 022 (*) da novela \u201cEssas Mulheres\u201d, ter\u00e7a-feira, 28 de agosto, Cunha acredita que Gl\u00f3ria j\u00e1 possa ser apresentada para um diplomata que est\u00e1 de visita no Brasil. Nicota e Tadeu se agarram dentro do quarto. Camila chega em casa e desmaia ao se deparar com a cena. Tadeu [&hellip;]<\/p>\n","protected":false},"author":2,"featured_media":148657,"comment_status":"open","ping_status":"closed","sticky":false,"template":"","format":"standard","meta":{"tdm_status":"","tdm_grid_status":"","footnotes":""},"categories":[379,371,343],"tags":[441],"class_list":{"0":"post-150119","1":"post","2":"type-post","3":"status-publish","4":"format-standard","5":"has-post-thumbnail","7":"category-novelas","8":"category-rede-record","9":"category-televisao","10":"tag-resumo-do-dia"},"_links":{"self":[{"href":"https:\/\/migracao.redenoticia.com.br\/noticia\/wp-json\/wp\/v2\/posts\/150119","targetHints":{"allow":["GET"]}}],"collection":[{"href":"https:\/\/migracao.redenoticia.com.br\/noticia\/wp-json\/wp\/v2\/posts"}],"about":[{"href":"https:\/\/migracao.redenoticia.com.br\/noticia\/wp-json\/wp\/v2\/types\/post"}],"author":[{"embeddable":true,"href":"https:\/\/migracao.redenoticia.com.br\/noticia\/wp-json\/wp\/v2\/users\/2"}],"replies":[{"embeddable":true,"href":"https:\/\/migracao.redenoticia.com.br\/noticia\/wp-json\/wp\/v2\/comments?post=150119"}],"version-history":[{"count":0,"href":"https:\/\/migracao.redenoticia.com.br\/noticia\/wp-json\/wp\/v2\/posts\/150119\/revisions"}],"wp:featuredmedia":[{"embeddable":true,"href":"https:\/\/migracao.redenoticia.com.br\/noticia\/wp-json\/wp\/v2\/media\/148657"}],"wp:attachment":[{"href":"https:\/\/migracao.redenoticia.com.br\/noticia\/wp-json\/wp\/v2\/media?parent=150119"}],"wp:term":[{"taxonomy":"category","embeddable":true,"href":"https:\/\/migracao.redenoticia.com.br\/noticia\/wp-json\/wp\/v2\/categories?post=150119"},{"taxonomy":"post_tag","embeddable":true,"href":"https:\/\/migracao.redenoticia.com.br\/noticia\/wp-json\/wp\/v2\/tags?post=150119"}],"curies":[{"name":"wp","href":"https:\/\/api.w.org\/{rel}","templated":true}]}}