{"id":150130,"date":"2018-08-27T00:00:18","date_gmt":"2018-08-27T03:00:18","guid":{"rendered":"https:\/\/www.redenoticia.com.br\/noticia\/?p=150130"},"modified":"2018-08-27T00:00:18","modified_gmt":"2018-08-27T03:00:18","slug":"pos-doutorado-em-dinamica-de-rotores-com-bolsa-da-fapesp","status":"publish","type":"post","link":"https:\/\/migracao.redenoticia.com.br\/noticia\/2018\/pos-doutorado-em-dinamica-de-rotores-com-bolsa-da-fapesp\/150130","title":{"rendered":"P\u00f3s-doutorado em din\u00e2mica de rotores com bolsa da FAPESP"},"content":{"rendered":"<p> Ag\u00eancia FAPESP\u00a0\u2013 O Projeto Tem\u00e1tico\u00a0\u201c<span style=\"color: #0000ee;\"><u><\/u><\/span>\u201d disp\u00f5e de uma oportunidade de <strong><em>p\u00f3s-doutorado<\/em><\/strong>, com bolsa da FAPESP, no Instituto Tecnol\u00f3gico de Aeron\u00e1utica, em S\u00e3o Jos\u00e9 dos Campos (SP). O prazo de inscri\u00e7\u00e3o acaba no dia 30 de agosto de 2018.<\/p>\n<p>O projeto de pesquisa envolve a modelagem estoc\u00e1stica de rotores suportados por mancais hidrodin\u00e2micos sujeitos a falhas e o desenvolvimento e instrumenta\u00e7\u00e3o de bancada experimental.<\/p>\n<p>O foco principal \u00e9 a arquitetura de uma estrat\u00e9gia generalista, baseada na aquisi\u00e7\u00e3o de informa\u00e7\u00f5es atrav\u00e9s de sensores e processamento para o diagn\u00f3stico de falhas e a\u00e7\u00e3o de controle adequado.<\/p>\n<p>S\u00e3o necess\u00e1rios para a vaga conhecimentos de programa\u00e7\u00e3o em linguagem Matlab, modelagem por elementos finitos, din\u00e2mica de rotores r\u00edgidos e flex\u00edveis e modelagem estoc\u00e1stica baseada em teoria de probabilidades. Para se inscrever, os interessados devem enviar e-mail para o professor\u00a0\u00a0(rade@ita.br).<\/p>\n<p>Mais informa\u00e7\u00f5es sobre a vaga:\u00a0.<\/p>\n<p>A oportunidade est\u00e1 aberta a brasileiros e estrangeiros. O selecionado receber\u00e1 Bolsa de P\u00f3s-Doutorado da FAPESP no valor de R$ 7.174,80 mensais, que a partir de 1\u00ba de setembro passa a ser de R$ 7.373,10 com reajuste, e Reserva T\u00e9cnica equivalente a 15% do valor anual da bolsa para atender a despesas imprevistas e diretamente relacionadas \u00e0 atividade de pesquisa.<\/p>\n<p>Caso o bolsista de PD resida em domic\u00edlio diferente e precise se mudar para a cidade onde se localiza a institui\u00e7\u00e3o-sede da pesquisa, poder\u00e1 ter direito a um Aux\u00edlio-Instala\u00e7\u00e3o. Mais informa\u00e7\u00f5es sobre a Bolsa de P\u00f3s-Doutorado da FAPESP est\u00e3o dispon\u00edveis em\u00a0.<\/p>\n<p>Outras vagas de bolsas, em diversas \u00e1reas do conhecimento, est\u00e3o no site FAPESP-Oportunidades, em\u00a0.<\/p>\n","protected":false},"excerpt":{"rendered":"<p>Ag\u00eancia FAPESP\u00a0\u2013 O Projeto Tem\u00e1tico\u00a0\u201c\u201d disp\u00f5e de uma oportunidade de p\u00f3s-doutorado, com bolsa da FAPESP, no Instituto Tecnol\u00f3gico de Aeron\u00e1utica, em S\u00e3o Jos\u00e9 dos Campos (SP). O prazo de inscri\u00e7\u00e3o acaba no dia 30 de agosto de 2018. O projeto de pesquisa envolve a modelagem estoc\u00e1stica de rotores suportados por mancais hidrodin\u00e2micos sujeitos a falhas [&hellip;]<\/p>\n","protected":false},"author":2,"featured_media":148568,"comment_status":"open","ping_status":"closed","sticky":false,"template":"","format":"standard","meta":{"tdm_status":"","tdm_grid_status":"","footnotes":""},"categories":[370,353],"tags":[],"class_list":{"0":"post-150130","1":"post","2":"type-post","3":"status-publish","4":"format-standard","5":"has-post-thumbnail","7":"category-inscricao","8":"category-oportunidades"},"_links":{"self":[{"href":"https:\/\/migracao.redenoticia.com.br\/noticia\/wp-json\/wp\/v2\/posts\/150130","targetHints":{"allow":["GET"]}}],"collection":[{"href":"https:\/\/migracao.redenoticia.com.br\/noticia\/wp-json\/wp\/v2\/posts"}],"about":[{"href":"https:\/\/migracao.redenoticia.com.br\/noticia\/wp-json\/wp\/v2\/types\/post"}],"author":[{"embeddable":true,"href":"https:\/\/migracao.redenoticia.com.br\/noticia\/wp-json\/wp\/v2\/users\/2"}],"replies":[{"embeddable":true,"href":"https:\/\/migracao.redenoticia.com.br\/noticia\/wp-json\/wp\/v2\/comments?post=150130"}],"version-history":[{"count":0,"href":"https:\/\/migracao.redenoticia.com.br\/noticia\/wp-json\/wp\/v2\/posts\/150130\/revisions"}],"wp:featuredmedia":[{"embeddable":true,"href":"https:\/\/migracao.redenoticia.com.br\/noticia\/wp-json\/wp\/v2\/media\/148568"}],"wp:attachment":[{"href":"https:\/\/migracao.redenoticia.com.br\/noticia\/wp-json\/wp\/v2\/media?parent=150130"}],"wp:term":[{"taxonomy":"category","embeddable":true,"href":"https:\/\/migracao.redenoticia.com.br\/noticia\/wp-json\/wp\/v2\/categories?post=150130"},{"taxonomy":"post_tag","embeddable":true,"href":"https:\/\/migracao.redenoticia.com.br\/noticia\/wp-json\/wp\/v2\/tags?post=150130"}],"curies":[{"name":"wp","href":"https:\/\/api.w.org\/{rel}","templated":true}]}}