{"id":150133,"date":"2018-08-27T00:10:01","date_gmt":"2018-08-27T03:10:01","guid":{"rendered":"https:\/\/www.redenoticia.com.br\/noticia\/?p=150133"},"modified":"2018-08-27T00:10:01","modified_gmt":"2018-08-27T03:10:01","slug":"tres-candidatos-a-presidencia-enfrentam-pedidos-de-impugnacao","status":"publish","type":"post","link":"https:\/\/migracao.redenoticia.com.br\/noticia\/2018\/tres-candidatos-a-presidencia-enfrentam-pedidos-de-impugnacao\/150133","title":{"rendered":"Tr\u00eas candidatos \u00e0 Presid\u00eancia enfrentam pedidos de impugna\u00e7\u00e3o"},"content":{"rendered":"<p> Entre os 13 presidenci\u00e1veis, tr\u00eas v\u00e3o enfrentar processos de <strong><em>pedido de impugna\u00e7\u00e3o<\/em><\/strong> na Justi\u00e7a Eleitoral. S\u00e3o eles: Jair Bolsonaro, do PSL, Geraldo Alckmin, do PSDB, e Lula, do PT, que vai responder 16 pedidos para barrar sua candidatura. A a\u00e7\u00e3o contra a campanha de Alckmin foi feita pelo candidato Henrique Meirelles, argumentando falhas nas atas das conven\u00e7\u00f5es partid\u00e1rias das legendas que comp\u00f5em a coliga\u00e7\u00e3o \u201cPara Unir o Brasil\u201d, encabe\u00e7ada pelo tucano. Alckmin tem cinco dias para apresentar sua defesa.<\/p>\n<p>No caso de Bolsonaro, um advogado questiona que ele n\u00e3o poderia ser candidato porque \u00e9 r\u00e9u no Supremo Tribunal Federal desde 2016, acusado de incita\u00e7\u00e3o ao crime de estupro. O advogado argumenta que a Constitui\u00e7\u00e3o prev\u00ea o afastamento do presidente da Rep\u00fablica, caso ele esteja na condi\u00e7\u00e3o de r\u00e9u.<\/p>\n<p>J\u00e1 o ex-presidente Lula foi questionado n\u00e3o s\u00f3 por concorrentes, candidatos a outros cargos e entidades representantes de estudantes de direito, mas tamb\u00e9m pelo Minist\u00e9rio P\u00fablico Eleitoral. O MP defende, com base na Lei da Ficha Limpa, que Lula \u00e9 ineleg\u00edvel porque foi condenado em segunda inst\u00e2ncia a 12 anos e 1 m\u00eas de pris\u00e3o por lavagem de dinheiro e corrup\u00e7\u00e3o passiva no caso do triplex do Guaruj\u00e1. A condena\u00e7\u00e3o ocorreu no \u00e2mbito da Opera\u00e7\u00e3o Lava Jato e Lula est\u00e1 preso, cumprindo a pena desde abril. A campanha de Lula tem prazo de sete dias para se manifestar.<\/p>\n<p>Pelo calend\u00e1rio eleitoral, o TSE tem at\u00e9 o dia 17 de setembro para julgar os pedidos de registro de candidaturas. Esse tamb\u00e9m \u00e9 o prazo final para que os partidos substituam nomes nas chapas. <\/p>\n<p>Samanta do Carmo<br \/>\nAg\u00eancia Brasil<br \/>\n27\/08\/201<\/p>\n","protected":false},"excerpt":{"rendered":"<p>Entre os 13 presidenci\u00e1veis, tr\u00eas v\u00e3o enfrentar processos de pedido de impugna\u00e7\u00e3o na Justi\u00e7a Eleitoral. S\u00e3o eles: Jair Bolsonaro, do PSL, Geraldo Alckmin, do PSDB, e Lula, do PT, que vai responder 16 pedidos para barrar sua candidatura. A a\u00e7\u00e3o contra a campanha de Alckmin foi feita pelo candidato Henrique Meirelles, argumentando falhas nas atas [&hellip;]<\/p>\n","protected":false},"author":2,"featured_media":148632,"comment_status":"open","ping_status":"closed","sticky":false,"template":"","format":"standard","meta":{"tdm_status":"","tdm_grid_status":"","footnotes":""},"categories":[22,388],"tags":[],"class_list":{"0":"post-150133","1":"post","2":"type-post","3":"status-publish","4":"format-standard","5":"has-post-thumbnail","7":"category-brasil","8":"category-destaques"},"_links":{"self":[{"href":"https:\/\/migracao.redenoticia.com.br\/noticia\/wp-json\/wp\/v2\/posts\/150133","targetHints":{"allow":["GET"]}}],"collection":[{"href":"https:\/\/migracao.redenoticia.com.br\/noticia\/wp-json\/wp\/v2\/posts"}],"about":[{"href":"https:\/\/migracao.redenoticia.com.br\/noticia\/wp-json\/wp\/v2\/types\/post"}],"author":[{"embeddable":true,"href":"https:\/\/migracao.redenoticia.com.br\/noticia\/wp-json\/wp\/v2\/users\/2"}],"replies":[{"embeddable":true,"href":"https:\/\/migracao.redenoticia.com.br\/noticia\/wp-json\/wp\/v2\/comments?post=150133"}],"version-history":[{"count":0,"href":"https:\/\/migracao.redenoticia.com.br\/noticia\/wp-json\/wp\/v2\/posts\/150133\/revisions"}],"wp:featuredmedia":[{"embeddable":true,"href":"https:\/\/migracao.redenoticia.com.br\/noticia\/wp-json\/wp\/v2\/media\/148632"}],"wp:attachment":[{"href":"https:\/\/migracao.redenoticia.com.br\/noticia\/wp-json\/wp\/v2\/media?parent=150133"}],"wp:term":[{"taxonomy":"category","embeddable":true,"href":"https:\/\/migracao.redenoticia.com.br\/noticia\/wp-json\/wp\/v2\/categories?post=150133"},{"taxonomy":"post_tag","embeddable":true,"href":"https:\/\/migracao.redenoticia.com.br\/noticia\/wp-json\/wp\/v2\/tags?post=150133"}],"curies":[{"name":"wp","href":"https:\/\/api.w.org\/{rel}","templated":true}]}}