{"id":150224,"date":"2018-08-28T00:11:52","date_gmt":"2018-08-28T03:11:52","guid":{"rendered":"https:\/\/www.redenoticia.com.br\/noticia\/?p=150224"},"modified":"2018-08-29T21:22:03","modified_gmt":"2018-08-30T00:22:03","slug":"novela-a-terra-prometida-resumo-29-08-raabe-foge-da-estalagem-para-procurar-noba","status":"publish","type":"post","link":"https:\/\/migracao.redenoticia.com.br\/noticia\/2018\/novela-a-terra-prometida-resumo-29-08-raabe-foge-da-estalagem-para-procurar-noba\/150224","title":{"rendered":"Novela \u201cA Terra Prometida\u201d resumo 29\/08: Josu\u00e9 perdoa L\u00e9ia pela mentira inventada"},"content":{"rendered":"<p> <img loading=\"lazy\" decoding=\"async\" src=\"https:\/\/migracao.redenoticia.com.br\/noticia\/imagens\/terra-prometida-150x112.jpg\" alt=\"\" width=\"150\" height=\"112\" class=\"alignleft size-thumbnail wp-image-148656\" srcset=\"https:\/\/migracao.redenoticia.com.br\/noticia\/imagens\/terra-prometida-150x112.jpg 150w, https:\/\/migracao.redenoticia.com.br\/noticia\/imagens\/terra-prometida-265x198.jpg 265w, https:\/\/migracao.redenoticia.com.br\/noticia\/imagens\/terra-prometida-485x360.jpg 485w\" sizes=\"auto, (max-width: 150px) 100vw, 150px\" \/><em><strong>Novela \u201cA Terra Prometida\u201d resumo 29\/08<\/strong><\/em>: no capitulo 026 (*) da novela \u201cA Terra Prometida\u201d, quarta-feira, 29 de agosto,<br \/>\nTibar e os soldados perseguem Nob\u00e1 pelas ruas de Jeric\u00f3. Kalu e os Lagartos Gosmentos encontram o menino e o ajudam. Eles come\u00e7am a passar lama no irm\u00e3o de Raabe. Kalu pede permiss\u00e3o a Galimedes, o mais velhos dos Lagartos, para Nob\u00e1 fazer parte do grupo. Kalu pede permiss\u00e3o a Galimedes, o mais velhos dos Lagartos, para Nob\u00e1 fazer parte do grupo. <\/p>\n<p>Liora diz que Raabe deve aproveitar que Tibar est\u00e1 comendo em suas m\u00e3os. Durgal, Kamir e Yussuf deixam Jeric\u00f3 com o restante dos nobres de Hai. Marek pede a Merodaque para fazer um ritual garantindo que Durgal n\u00e3o retorne. No acampamento hebreu, Tobias tenta cuidar do gado. Aruna e Otniel treinam juntos. Sama se desculpa com Einat. Acsa se suja inteira tentando cuidar das cabras. Josu\u00e9 se surpreende ao ouvir L\u00e9ia dizendo que sabe porque ele n\u00e3o corresponde o amor de Samara. Josu\u00e9 perdoa L\u00e9ia pela mentira inventada.<\/p>\n<p>(*) edi\u00e7\u00e3o da Rede Record, Novela \u201cA Terra Prometida\u201d, sujeito a altera\u00e7\u00e3o de data e conte\u00fado.<\/p>\n<p>\u201cA Terra Prometida\u201d &#8211; Ap\u00f3s a morte de Mois\u00e9s, Josu\u00e9 \u00e9 o novo l\u00edder dos hebreus. Ele \u00e9 um guerreiro experiente, dotado de coragem, determina\u00e7\u00e3o e de uma f\u00e9 poderosa. Mas n\u00e3o \u00e9 tarefa f\u00e1cil conduzir um povo ao seu destino! Com seus aliados mais pr\u00f3ximos e de confian\u00e7a, o sacerdote levita Eleazar e o l\u00edder da tribo Jud\u00e1 Calebe, Josu\u00e9 tem que cumprir uma dif\u00edcil miss\u00e3o ordenada por Deus: comandar as doze tribos de Israel na conquista de Cana\u00e3, \u201cA Terra Prometida\u201d.<\/p>\n","protected":false},"excerpt":{"rendered":"<p>Novela \u201cA Terra Prometida\u201d resumo 29\/08: no capitulo 026 (*) da novela \u201cA Terra Prometida\u201d, quarta-feira, 29 de agosto, Tibar e os soldados perseguem Nob\u00e1 pelas ruas de Jeric\u00f3. Kalu e os Lagartos Gosmentos encontram o menino e o ajudam. Eles come\u00e7am a passar lama no irm\u00e3o de Raabe. Kalu pede permiss\u00e3o a Galimedes, o [&hellip;]<\/p>\n","protected":false},"author":2,"featured_media":148139,"comment_status":"open","ping_status":"closed","sticky":false,"template":"","format":"standard","meta":{"tdm_status":"","tdm_grid_status":"","footnotes":""},"categories":[446,379,371,343],"tags":[441],"class_list":{"0":"post-150224","1":"post","2":"type-post","3":"status-publish","4":"format-standard","5":"has-post-thumbnail","7":"category-a-terra-prometida","8":"category-novelas","9":"category-rede-record","10":"category-televisao","11":"tag-resumo-do-dia"},"_links":{"self":[{"href":"https:\/\/migracao.redenoticia.com.br\/noticia\/wp-json\/wp\/v2\/posts\/150224","targetHints":{"allow":["GET"]}}],"collection":[{"href":"https:\/\/migracao.redenoticia.com.br\/noticia\/wp-json\/wp\/v2\/posts"}],"about":[{"href":"https:\/\/migracao.redenoticia.com.br\/noticia\/wp-json\/wp\/v2\/types\/post"}],"author":[{"embeddable":true,"href":"https:\/\/migracao.redenoticia.com.br\/noticia\/wp-json\/wp\/v2\/users\/2"}],"replies":[{"embeddable":true,"href":"https:\/\/migracao.redenoticia.com.br\/noticia\/wp-json\/wp\/v2\/comments?post=150224"}],"version-history":[{"count":0,"href":"https:\/\/migracao.redenoticia.com.br\/noticia\/wp-json\/wp\/v2\/posts\/150224\/revisions"}],"wp:featuredmedia":[{"embeddable":true,"href":"https:\/\/migracao.redenoticia.com.br\/noticia\/wp-json\/wp\/v2\/media\/148139"}],"wp:attachment":[{"href":"https:\/\/migracao.redenoticia.com.br\/noticia\/wp-json\/wp\/v2\/media?parent=150224"}],"wp:term":[{"taxonomy":"category","embeddable":true,"href":"https:\/\/migracao.redenoticia.com.br\/noticia\/wp-json\/wp\/v2\/categories?post=150224"},{"taxonomy":"post_tag","embeddable":true,"href":"https:\/\/migracao.redenoticia.com.br\/noticia\/wp-json\/wp\/v2\/tags?post=150224"}],"curies":[{"name":"wp","href":"https:\/\/api.w.org\/{rel}","templated":true}]}}