{"id":150335,"date":"2018-08-28T23:55:22","date_gmt":"2018-08-29T02:55:22","guid":{"rendered":"https:\/\/www.redenoticia.com.br\/noticia\/?p=150335"},"modified":"2018-08-29T15:58:17","modified_gmt":"2018-08-29T18:58:17","slug":"novela-luz-do-sol-resumo-30-08-agenor-se-desespera","status":"publish","type":"post","link":"https:\/\/migracao.redenoticia.com.br\/noticia\/2018\/novela-luz-do-sol-resumo-30-08-agenor-se-desespera\/150335","title":{"rendered":"Novela \u201cLuz do Sol\u201d resumo 30\/08: Ver\u00f4nica e Rodrigo Ot\u00e1vio viajam para B\u00fazios"},"content":{"rendered":"<p> <img loading=\"lazy\" decoding=\"async\" src=\"https:\/\/migracao.redenoticia.com.br\/noticia\/imagens\/luz-sol-resumo-novela-150x112.jpg\" alt=\"\" width=\"150\" height=\"112\" class=\"alignleft size-thumbnail wp-image-148141\" srcset=\"https:\/\/migracao.redenoticia.com.br\/noticia\/imagens\/luz-sol-resumo-novela-150x112.jpg 150w, https:\/\/migracao.redenoticia.com.br\/noticia\/imagens\/luz-sol-resumo-novela-265x198.jpg 265w, https:\/\/migracao.redenoticia.com.br\/noticia\/imagens\/luz-sol-resumo-novela-485x360.jpg 485w, https:\/\/migracao.redenoticia.com.br\/noticia\/imagens\/luz-sol-resumo-novela-534x398.jpg 534w\" sizes=\"auto, (max-width: 150px) 100vw, 150px\" \/><strong><em>Novela \u201cLuz do Sol\u201d resumo 30\/08<\/em><\/strong>: no capitulo 164 (*) da novela \u201cLuz do Sol\u201d, quinta-feira, 30 de agosto, Eliana conta pra Laura que no passado Agenor trabalhava com contrabando no mar e era parceiro de Fausto, que morreu na noite do seq\u00fcestro. Drica decide enfrentar Hel\u00f4 no mar e come\u00e7a a treinar para o campeonato de surf. Ver\u00f4nica e Rodrigo Ot\u00e1vio viajam para B\u00fazios, mas Tom, Priscila, Danilo e Kayla v\u00e3o atr\u00e1s, para tentar impedir que o casal tenha uma noite de amor. Rick fica chocado ao descobrir que Yan est\u00e1 se drogando e os dois discutem. Maria Eug\u00eania revela \u00e0 Stella a acusa\u00e7\u00e3o que Wandinha fez ao seu falecido marido antes de morrer. Stella decide checar com Freddy e eles acabam se beijando. Yan chega \u00e0 casa de Valadares drogado e tenta agarrar Lorena \u00e0 for\u00e7a. Agenor confessa a um colega de pris\u00e3o que para defender a filha adotiva, matou o rapaz (Mascote) que tentou agarr\u00e1-la.<\/p>\n<p>Agenor desabafa com o companheiro de cela e confessa que n\u00e3o queria ter matado ningu\u00e9m. Mascote faz um carinho no rosto de Drica e tenta beij\u00e1-la. Ela se defende. Mascote se curva de dor e Drica tenta fugir, mas ele a segura pelos cabelos e a joga no ch\u00e3o. Yan tenta agarrar Lorena e Valadares os surpreende. Valadares diz para Yan se retirar de sua casa. Lorena pede calma a Valadares dizendo que Yan ainda pode ser \u00fatil para eles. No quarto do hotel, Danilo aguarda Priscila sair do banheiro. Ele prepara o quarto com detalhes rom\u00e2nticos para ficar com ela. No entanto, Tom \u00e9 quem sai do banheiro. Tom afirma que Priscila trocou de quarto com ele. Rodrigo pede desculpas \u00e0 Ver\u00f4nica pelo fato de ter passado mal na noite anterior e afirma que j\u00e1 est\u00e1 melhor. Desanimada, Ver\u00f4nica diz que quer sair do quarto para tomar caf\u00e9.<\/p>\n<p>Tom e Danilo dividem a mesma cama. Os dois acordam ao mesmo tempo e se assustam. Nesse momento, Priscila e Ver\u00f4nica entram no quarto. Tom diz a Ver\u00f4nica que n\u00e3o \u00e9 nada disso que elas est\u00e3o pensando. Ver\u00f4nica afirma que tem outro problema mais importante para resolver, chamado Rodrigo. Ap\u00f3s despistar Rodrigo, Ver\u00f4nica vai \u00e0 praia com Tom. Eles declaram amor um ao outro e v\u00e3o para o mar. Enquanto isso, Danilo diz para Rodrigo, amarrado em uma cadeira de massagem e com os olhos vendados, que o ritual da massagem \u00e9 uma prepara\u00e7\u00e3o para a primeira noite com Ver\u00f4nica.<\/p>\n<p>Hel\u00f4 afirma para Duda que retirou a bandeira vermelha da areia da praia de prop\u00f3sito. Isabela chega correndo \u00e0 praia, procurando por Drica, que est\u00e1 na \u00e1gua, com sua prancha e com dificuldades para nadar. Isabela entra no mar para salv\u00e1-la. Drica agradece \u00e0 irm\u00e3. Tom e Ver\u00f4nica agradecem o trabalho de Danilo e Priscila. Kayla, ap\u00f3s passar a noite com o faxineiro do hotel e pensar estar saindo com um rico empres\u00e1rio, se espanta na hora de pagar a conta. Drica conta para Stela que Isabela fez de tudo para salv\u00e1-la. Drica afirma para Bernardo que est\u00e1 com medo de lembrar sobre o seu passado. Agenor, revoltado, recebe na cadeia a visita de um advogado dizendo que ele vai responder pelo crime de seq\u00fcestro de Drica. Agenor nega que tenha participado do seq\u00fcestro.<\/p>\n<p>Agenor afirma que n\u00e3o pode ser acusado de um crime que n\u00e3o cometeu. O advogado diz para Agenor que, mesmo criando a menina como filha, ele acusou a esposa de cumplicidade, caracterizando a denuncia. Agenor se desespera. Kayla, desesperada com o golpe que levou, bate no faxineiro. O gerente afirma que Kayla deve pagar tudo o que consumiu no hotel. Tom se prop\u00f5e a pagar, mas se assusta com o valor da conta. Ver\u00f4nica tamb\u00e9m se assusta. Rodrigo paga a conta. Yan encontra Lorena limpando a arma na casa de Valadares. Ela o amea\u00e7a e coloca a arma em sua cabe\u00e7a. Yan se desespera e implora para Lorena n\u00e3o atirar.<\/p>\n<p>Ela atira mas a arma n\u00e3o estava com muni\u00e7\u00e3o. Ur\u00e2nia se despede das crian\u00e7as. Isabela entra no quarto e conta para Drica e Vicente que foi Hel\u00f4 quem tirou a bandeira vermelha da areia da praia. Drica fica indignada e Isabela afirma que j\u00e1 deu um tapa em Hel\u00f4. Elas caem na risada. Belquiss diz para \u00c2ngela que quer o casamento da filha um verdadeiro luxo. Milena pede perd\u00e3o para Pedro e aproveita para lhe pedir ajuda nos neg\u00f3cios do estaleiro. Pedro se recusa afirmando que n\u00e3o quer saber de nada relacionado ao estaleiro. Rick diz a Bernardo que est\u00e1 desconfiando que Yan esteja usando drogas. Nesse momento, Yan entra, saca uma arma e aponta para eles.<\/p>\n<p>Yan atira num canto e ele mesmo se assusta. Ele afirma que s\u00f3 estava brincando, mas Bernardo diz para ele nunca mais aparecer na f\u00e1brica. Milena afirma que Pedro confessou que realmente quer casar com Nina. Quando Milena sai da sala, Clemente v\u00ea o ba\u00fa e pega algumas fotos de Nina. Lorena procura sua arma, quando Yan chega com a arma na m\u00e3o. Yan conta para Valadares o incidente na f\u00e1brica. Leonardo diz para Clemente que tem direito a uma indeniza\u00e7\u00e3o por tempo de servi\u00e7o. Clemente se interessa. Leonardo diz para Clemente como ele deve proceder nesse caso. Laura fala com Vicente sobre o fato de ele depor contra o pai. Vicente conta que mentiu para a pol\u00edcia quando perguntado sobre seu pai. Vicente disse que contou que, naquele dia, o seu pai n\u00e3o tinha ido para o mar, e sim emprestado o barco para Fausto. Laura pergunta para Vicente se ele falaria isso em um julgamento.<\/p>\n<p>(*) edi\u00e7\u00e3o da Rede Record, Novela \u201cLuz do Sol\u201d, sujeito a altera\u00e7\u00e3o de data e conte\u00fado.<\/p>\n<p>Luz do Sol \u00e9 uma telenovela brasileira produzida pela RecordTV e exibida originalmente entre 21 de mar\u00e7o e 20 de novembro de 2007, em 210 epis\u00f3dios. \u00c9 uma obra representativa na hist\u00f3ria da teledramaturgia da emissora n\u00e3o apenas por isso, mas por ter sido a primeira novela escrita por Ana Maria Moretzsohn para a Record, trazendo a colabora\u00e7\u00e3o de texto de Gustavo Reiz, Ana Clara Santiago, Emilio Boechat e Denise Crispun, com dire\u00e7\u00e3o de Ivan Zettel, F\u00e1bio Junqueira e Jos\u00e9 Carlos Pieri, sob dire\u00e7\u00e3o geral de Ivan Zettel.<\/p>\n<p>Luma Costa interpreta a protagonista, Drica, que foi sequestrada misteriosamente durante sua festa de cinco anos e apareceu afogada em uma praia de pescadores, no qual foi criada sob o nome de Maria Rosa com uma vida humilde. Lu\u00edza Tom\u00e9 e Giuseppe Orist\u00e2nio interpretam os pais biol\u00f3gicos da garota, sendo que enquanto ele desistiu da busca da filha ap\u00f3s 11 anos, ela nunca deixou de busc\u00e1-la, o que acabou ruindo com seu casamento. Patr\u00edcia Fran\u00e7a e Leonardo Br\u00edcio interpretam os pais adotivos de Drica, que criaram-na como filha, sem terem lhe contaram a verdade. Thiago Gagliasso, Paloma Duarte, Petr\u00f4nio Gontijo, Juliana Silveira, Bete Coelho, Floriano Peixoto, Karen Marinho e Let\u00edcia Colin interpretam os demais pap\u00e9is centrais da trama.<\/p>\n","protected":false},"excerpt":{"rendered":"<p>Novela \u201cLuz do Sol\u201d resumo 30\/08: no capitulo 164 (*) da novela \u201cLuz do Sol\u201d, quinta-feira, 30 de agosto, Eliana conta pra Laura que no passado Agenor trabalhava com contrabando no mar e era parceiro de Fausto, que morreu na noite do seq\u00fcestro. Drica decide enfrentar Hel\u00f4 no mar e come\u00e7a a treinar para o [&hellip;]<\/p>\n","protected":false},"author":2,"featured_media":148660,"comment_status":"open","ping_status":"closed","sticky":false,"template":"","format":"standard","meta":{"tdm_status":"","tdm_grid_status":"","footnotes":""},"categories":[379,371,343],"tags":[441],"class_list":{"0":"post-150335","1":"post","2":"type-post","3":"status-publish","4":"format-standard","5":"has-post-thumbnail","7":"category-novelas","8":"category-rede-record","9":"category-televisao","10":"tag-resumo-do-dia"},"_links":{"self":[{"href":"https:\/\/migracao.redenoticia.com.br\/noticia\/wp-json\/wp\/v2\/posts\/150335","targetHints":{"allow":["GET"]}}],"collection":[{"href":"https:\/\/migracao.redenoticia.com.br\/noticia\/wp-json\/wp\/v2\/posts"}],"about":[{"href":"https:\/\/migracao.redenoticia.com.br\/noticia\/wp-json\/wp\/v2\/types\/post"}],"author":[{"embeddable":true,"href":"https:\/\/migracao.redenoticia.com.br\/noticia\/wp-json\/wp\/v2\/users\/2"}],"replies":[{"embeddable":true,"href":"https:\/\/migracao.redenoticia.com.br\/noticia\/wp-json\/wp\/v2\/comments?post=150335"}],"version-history":[{"count":0,"href":"https:\/\/migracao.redenoticia.com.br\/noticia\/wp-json\/wp\/v2\/posts\/150335\/revisions"}],"wp:featuredmedia":[{"embeddable":true,"href":"https:\/\/migracao.redenoticia.com.br\/noticia\/wp-json\/wp\/v2\/media\/148660"}],"wp:attachment":[{"href":"https:\/\/migracao.redenoticia.com.br\/noticia\/wp-json\/wp\/v2\/media?parent=150335"}],"wp:term":[{"taxonomy":"category","embeddable":true,"href":"https:\/\/migracao.redenoticia.com.br\/noticia\/wp-json\/wp\/v2\/categories?post=150335"},{"taxonomy":"post_tag","embeddable":true,"href":"https:\/\/migracao.redenoticia.com.br\/noticia\/wp-json\/wp\/v2\/tags?post=150335"}],"curies":[{"name":"wp","href":"https:\/\/api.w.org\/{rel}","templated":true}]}}