{"id":150359,"date":"2018-08-29T14:56:39","date_gmt":"2018-08-29T17:56:39","guid":{"rendered":"https:\/\/www.redenoticia.com.br\/noticia\/?p=150359"},"modified":"2018-08-29T14:56:39","modified_gmt":"2018-08-29T17:56:39","slug":"resumo-novela-que-pobres-tao-ricos-30-08-matilde-comeca-a-alucinar","status":"publish","type":"post","link":"https:\/\/migracao.redenoticia.com.br\/noticia\/2018\/resumo-novela-que-pobres-tao-ricos-30-08-matilde-comeca-a-alucinar\/150359","title":{"rendered":"Resumo novela \u201cQue Pobres T\u00e3o Ricos\u201d 30\/08: Matilde come\u00e7a a alucinar"},"content":{"rendered":"<p><img loading=\"lazy\" decoding=\"async\" class=\"alignleft size-thumbnail wp-image-148670\" src=\"https:\/\/migracao.redenoticia.com.br\/noticia\/imagens\/que-pobres-tao-ricos-sbt-150x112.jpg\" alt=\"\" width=\"150\" height=\"112\" srcset=\"https:\/\/migracao.redenoticia.com.br\/noticia\/imagens\/que-pobres-tao-ricos-sbt-150x113.jpg 150w, https:\/\/migracao.redenoticia.com.br\/noticia\/imagens\/que-pobres-tao-ricos-sbt-250x187.jpg 250w, https:\/\/migracao.redenoticia.com.br\/noticia\/imagens\/que-pobres-tao-ricos-sbt.jpg 400w, https:\/\/migracao.redenoticia.com.br\/noticia\/imagens\/que-pobres-tao-ricos-sbt-265x198.jpg 265w\" sizes=\"auto, (max-width: 150px) 100vw, 150px\" \/><strong><em>Resumo novela \u201cQue Pobres T\u00e3o Ricos\u201d 30\/08 <\/em><\/strong>: no cap\u00edtulo 029 (*) da novela \u201cQue Pobres T\u00e3o Ricos\u201d, resumo de quinta-feira, 30 de agosto, Alex diz a Ana Sofia que se lhe confessar o paradeiro de Miguel \u00c2ngelo, ele lhe poderia dar uma grande quantidade de dinheiro para que siga vivendo como uma rainha no hotel mais caro da cidade. Lupita d\u00e1 a Miguel \u00c2ngelo um pouco do cozido que est\u00e1 preparando, mas no momento de lhe dar na boca seus rostos ficam pr\u00f3ximos, o que desperta entre eles uma magia especial, a qual poderia culminar num beijo de amor verdadeiro. Carminha questiona Lupita sobre a possibilidade de ter uma rela\u00e7\u00e3o amorosa com Miguel \u00c2ngelo, mas ela lembra a Carminha que j\u00e1 se envolveu com Alex e isso \u00e9 um grande impedimento para ficarem juntos.<\/p>\n<p>Nepo chega na casa dos Mendon\u00e7a para pedir a Lupita uma x\u00edcara de caf\u00e9, mas ela lhe diz que j\u00e1 acabou e que a \u00faltima x\u00edcara ela deu para Miguel \u00c2ngelo. Nepo n\u00e3o consegue evitar sentir uma onda enorme de ci\u00fames. Ana Sofia pede ao gar\u00e7om do hotel que lhe traga outra garrafa de champanhe, mas ele lhe diz que j\u00e1 n\u00e3o pode oferecer-lhe mais nada at\u00e9 que pague a conta que est\u00e1 aberta no hotel. Matilde come\u00e7a a alucinar e confunde Miguel \u00c2ngelo com seu defunto esposo Aureliano. Miguel \u00c2ngelo diz a Frida que \u00e9 urgente lev\u00e1-la ao doutor porque sua sa\u00fade pode estar em perigo.<\/p>\n<p>(*) edi\u00e7\u00e3o do SBT, Novela \u201cQue Pobres T\u00e3o Ricos\u201d, sujeito a altera\u00e7\u00e3o de data e conte\u00fado.<\/p>\n<p>\u201cQue Pobres T\u00e3o Ricos\u201d \u00e9 uma hist\u00f3ria de amor, romance, encontros e desencontros e um sem n\u00famero de divertidos enredos entre duas fam\u00edlias que n\u00e3o tem nada em comum, mas que agora estar\u00e3o obrigadas a conviver na mesma casa. De um lado, os Ruizpalacios, milion\u00e1rios de linhagem, e do outro, os Menchaca, uma cl\u00e1ssica fam\u00edlia de bairro.<\/p>\n<p>Todo come\u00e7ou diante da incapacidade da av\u00f3 Mati Ruizpalacios, de seguir em frente da empresa familiar. E \u00e9 assim que Miguel \u00c2ngelo, seu neto consentido, que leva 11 anos vivendo em Londres, retorna ao M\u00e9xico para a leitura de uma cl\u00e1usula do testamento do seu av\u00f4 Don Aureliano, que dita: &#8220;Herdar\u00e1 o cons\u00f3rcio o primeiro de meus netos que esteja formalmente casado e tenha um filho var\u00e3o&#8221;.<\/p>\n<p>\u00c9 ent\u00e3o que, sem pretender, Miguel \u00c2ngelo ter\u00e1 em seu primo Alejo, um ambicioso inimigo que o envolver\u00e1 em uma fraude, e assim provocar\u00e1 que Miguel \u00c2ngelo e sua fam\u00edlia percam sua fortuna, al\u00e9m de todas suas propriedades, ficando s\u00f3 com um terreno na col\u00f4nia La Nopalera, onde, para sua surpresa, hoje vivem os Menchaca.<\/p>\n","protected":false},"excerpt":{"rendered":"<p>Resumo novela \u201cQue Pobres T\u00e3o Ricos\u201d 30\/08 : no cap\u00edtulo 029 (*) da novela \u201cQue Pobres T\u00e3o Ricos\u201d, resumo de quinta-feira, 30 de agosto, Alex diz a Ana Sofia que se lhe confessar o paradeiro de Miguel \u00c2ngelo, ele lhe poderia dar uma grande quantidade de dinheiro para que siga vivendo como uma rainha no [&hellip;]<\/p>\n","protected":false},"author":4,"featured_media":148670,"comment_status":"open","ping_status":"closed","sticky":false,"template":"","format":"standard","meta":{"tdm_status":"","tdm_grid_status":"","footnotes":""},"categories":[379,372,343],"tags":[441],"class_list":{"0":"post-150359","1":"post","2":"type-post","3":"status-publish","4":"format-standard","5":"has-post-thumbnail","7":"category-novelas","8":"category-sbt","9":"category-televisao","10":"tag-resumo-do-dia"},"_links":{"self":[{"href":"https:\/\/migracao.redenoticia.com.br\/noticia\/wp-json\/wp\/v2\/posts\/150359","targetHints":{"allow":["GET"]}}],"collection":[{"href":"https:\/\/migracao.redenoticia.com.br\/noticia\/wp-json\/wp\/v2\/posts"}],"about":[{"href":"https:\/\/migracao.redenoticia.com.br\/noticia\/wp-json\/wp\/v2\/types\/post"}],"author":[{"embeddable":true,"href":"https:\/\/migracao.redenoticia.com.br\/noticia\/wp-json\/wp\/v2\/users\/4"}],"replies":[{"embeddable":true,"href":"https:\/\/migracao.redenoticia.com.br\/noticia\/wp-json\/wp\/v2\/comments?post=150359"}],"version-history":[{"count":0,"href":"https:\/\/migracao.redenoticia.com.br\/noticia\/wp-json\/wp\/v2\/posts\/150359\/revisions"}],"wp:featuredmedia":[{"embeddable":true,"href":"https:\/\/migracao.redenoticia.com.br\/noticia\/wp-json\/wp\/v2\/media\/148670"}],"wp:attachment":[{"href":"https:\/\/migracao.redenoticia.com.br\/noticia\/wp-json\/wp\/v2\/media?parent=150359"}],"wp:term":[{"taxonomy":"category","embeddable":true,"href":"https:\/\/migracao.redenoticia.com.br\/noticia\/wp-json\/wp\/v2\/categories?post=150359"},{"taxonomy":"post_tag","embeddable":true,"href":"https:\/\/migracao.redenoticia.com.br\/noticia\/wp-json\/wp\/v2\/tags?post=150359"}],"curies":[{"name":"wp","href":"https:\/\/api.w.org\/{rel}","templated":true}]}}