{"id":150429,"date":"2018-08-30T00:22:37","date_gmt":"2018-08-30T03:22:37","guid":{"rendered":"https:\/\/www.redenoticia.com.br\/noticia\/?p=150429"},"modified":"2018-08-30T00:22:37","modified_gmt":"2018-08-30T03:22:37","slug":"campanha-de-vacinacao-contra-sarampo-e-polio-termina-na-sexta","status":"publish","type":"post","link":"https:\/\/migracao.redenoticia.com.br\/noticia\/2018\/campanha-de-vacinacao-contra-sarampo-e-polio-termina-na-sexta\/150429","title":{"rendered":"Campanha de vacina\u00e7\u00e3o contra sarampo e p\u00f3lio termina na sexta"},"content":{"rendered":"<p> A Campanha Nacional de <strong><em>Vacina\u00e7\u00e3o<\/em><\/strong> contra a Poliomielite e o Sarampo termina na pr\u00f3xima sexta-feira (31). Todas as crian\u00e7as com idade entre 1 ano e menores de 5 anos devem receber as doses, independentemente de sua situa\u00e7\u00e3o vacinal. Dados do Minist\u00e9rio da Sa\u00fade mostram que 4,1 milh\u00f5es de crian\u00e7as em todo pa\u00eds ainda precisam ser imunizadas.<\/p>\n<p>De acordo com a pasta, at\u00e9 a \u00faltima sexta-feira (24), 62% do p\u00fablico-alvo havia sido vacinado. Foram aplicadas, ao todo, mais de 14 milh\u00f5es de doses \u2013 cerca de 7 milh\u00f5es de cada. A meta do governo federal \u00e9 vacinar pelo menos 95% das 11,2 milh\u00f5es de crian\u00e7as na faixa et\u00e1ria estabelecida e criar uma barreira sanit\u00e1ria de prote\u00e7\u00e3o da popula\u00e7\u00e3o.<\/p>\n<p>Este ano, a vacina\u00e7\u00e3o \u00e9 feita de forma indiscriminada, o que significa que mesmo as crian\u00e7as que j\u00e1 est\u00e3o com esquema vacinal completo devem ser levadas aos postos de sa\u00fade para receber mais um refor\u00e7o.<\/p>\n<p>No caso da p\u00f3lio, as crian\u00e7as que n\u00e3o tomaram nenhuma dose ao longo da vida v\u00e3o receber a vacina injet\u00e1vel e as que j\u00e1 tomaram uma ou mais doses devem receber a oral. Para o sarampo, todas as crian\u00e7as com idade entre um ano e menores de 5 anos v\u00e3o receber uma dose da tr\u00edplice viral, desde que n\u00e3o tenham sido vacinadas nos \u00faltimos 30 dias.<\/p>\n<p>Entre os estados com menor cobertura est\u00e3o Rio de Janeiro, com 40,15% do p\u00fablico-alvo vacinado para p\u00f3lio e 41,45% para sarampo, e Roraima, que tem 44,61% para p\u00f3lio e 41,09% para sarampo. J\u00e1 os estados com as melhores coberturas vacinais s\u00e3o Amap\u00e1, com 90,33% para p\u00f3lio e 90,14% para sarampo, seguido por Rond\u00f4nia, com 89,86% para p\u00f3lio e 88,44% para sarampo. <\/p>\n<p>Casos de sarampo<br \/>\nAtualmente, o pa\u00eds enfrenta dois surtos de sarampo, em Roraima e no Amazonas. At\u00e9 o \u00faltimo dia 21, foram confirmados 1.087 casos no Amazonas, enquanto 6.693 permanecem em investiga\u00e7\u00e3o. J\u00e1 Roraima confirmou 300 casos da doen\u00e7a e 67 continuam em investiga\u00e7\u00e3o. <\/p>\n<p>H\u00e1 ainda, de acordo com o minist\u00e9rio, casos isolados e relacionados \u00e0 importa\u00e7\u00e3o nos seguintes estados: S\u00e3o Paulo (2), Rio de Janeiro (18), Rio Grande do Sul (16), Rond\u00f4nia (1), Pernambuco (2) e Par\u00e1 (2).<\/p>\n<p>Paula Laboissi\u00e8re \u2013 Rep\u00f3rter da Ag\u00eancia Brasil<br \/>\nEdi\u00e7\u00e3o: Maria Claudia<br \/>\n30\/08\/2018<\/p>\n","protected":false},"excerpt":{"rendered":"<p>A Campanha Nacional de Vacina\u00e7\u00e3o contra a Poliomielite e o Sarampo termina na pr\u00f3xima sexta-feira (31). Todas as crian\u00e7as com idade entre 1 ano e menores de 5 anos devem receber as doses, independentemente de sua situa\u00e7\u00e3o vacinal. Dados do Minist\u00e9rio da Sa\u00fade mostram que 4,1 milh\u00f5es de crian\u00e7as em todo pa\u00eds ainda precisam ser [&hellip;]<\/p>\n","protected":false},"author":2,"featured_media":148628,"comment_status":"open","ping_status":"closed","sticky":false,"template":"","format":"standard","meta":{"tdm_status":"","tdm_grid_status":"","footnotes":""},"categories":[22,388,5],"tags":[],"class_list":{"0":"post-150429","1":"post","2":"type-post","3":"status-publish","4":"format-standard","5":"has-post-thumbnail","7":"category-brasil","8":"category-destaques","9":"category-saude-e-vida"},"_links":{"self":[{"href":"https:\/\/migracao.redenoticia.com.br\/noticia\/wp-json\/wp\/v2\/posts\/150429","targetHints":{"allow":["GET"]}}],"collection":[{"href":"https:\/\/migracao.redenoticia.com.br\/noticia\/wp-json\/wp\/v2\/posts"}],"about":[{"href":"https:\/\/migracao.redenoticia.com.br\/noticia\/wp-json\/wp\/v2\/types\/post"}],"author":[{"embeddable":true,"href":"https:\/\/migracao.redenoticia.com.br\/noticia\/wp-json\/wp\/v2\/users\/2"}],"replies":[{"embeddable":true,"href":"https:\/\/migracao.redenoticia.com.br\/noticia\/wp-json\/wp\/v2\/comments?post=150429"}],"version-history":[{"count":0,"href":"https:\/\/migracao.redenoticia.com.br\/noticia\/wp-json\/wp\/v2\/posts\/150429\/revisions"}],"wp:featuredmedia":[{"embeddable":true,"href":"https:\/\/migracao.redenoticia.com.br\/noticia\/wp-json\/wp\/v2\/media\/148628"}],"wp:attachment":[{"href":"https:\/\/migracao.redenoticia.com.br\/noticia\/wp-json\/wp\/v2\/media?parent=150429"}],"wp:term":[{"taxonomy":"category","embeddable":true,"href":"https:\/\/migracao.redenoticia.com.br\/noticia\/wp-json\/wp\/v2\/categories?post=150429"},{"taxonomy":"post_tag","embeddable":true,"href":"https:\/\/migracao.redenoticia.com.br\/noticia\/wp-json\/wp\/v2\/tags?post=150429"}],"curies":[{"name":"wp","href":"https:\/\/api.w.org\/{rel}","templated":true}]}}