{"id":150430,"date":"2018-08-30T00:23:05","date_gmt":"2018-08-30T03:23:05","guid":{"rendered":"https:\/\/www.redenoticia.com.br\/noticia\/?p=150430"},"modified":"2018-08-30T00:23:05","modified_gmt":"2018-08-30T03:23:05","slug":"desemprego-em-sao-paulo-fica-em-17-no-mes-de-julho","status":"publish","type":"post","link":"https:\/\/migracao.redenoticia.com.br\/noticia\/2018\/desemprego-em-sao-paulo-fica-em-17-no-mes-de-julho\/150430","title":{"rendered":"Desemprego em S\u00e3o Paulo fica em 17% no m\u00eas de julho"},"content":{"rendered":"<p> A <strong><em>taxa de desemprego<\/em><\/strong> na regi\u00e3o metropolitana de S\u00e3o Paulo foi de 17% no m\u00eas de julho, mesmo percentual do m\u00eas anterior, segundo a Funda\u00e7\u00e3o Seade e o Dieese. Em julho de 2017, a taxa foi de 18,3%. O contingente de desempregados foi estimado em 1,869 milh\u00e3o de pessoas, 14 mil a menos que no m\u00eas anterior. Houve redu\u00e7\u00e3o da popula\u00e7\u00e3o economicamente ativa, j\u00e1 que 85 mil pessoas sa\u00edram do mercado de trabalho e foram fechados 71 mil postos de trabalho. O n\u00edvel de ocupa\u00e7\u00e3o diminuiu 0,8%, sendo que o contingente de ocupados foi estimado em 9.125 mil pessoas. Em rela\u00e7\u00e3o a julho de 2017, esse n\u00edvel diminuiu 0,4%.<\/p>\n<p>Por setores, foi registrada queda de 60 mil postos de trabalho (-1,1%) no setor de servi\u00e7os, redu\u00e7\u00e3o de 14 mil postos (-2,3%) na constru\u00e7\u00e3o, e alta de 6 mil postos ou (-0,4%) no com\u00e9rcio e repara\u00e7\u00e3o de ve\u00edculos automotores e motocicletas. A Ind\u00fastria de Transforma\u00e7\u00e3o praticamente n\u00e3o variou, sofreu queda de 2 mil postos (-0,1%).<\/p>\n<p>Por regi\u00f5es da regi\u00e3o metropolitana de S\u00e3o Paulo, a taxa de desemprego pouco variou no munic\u00edpio de S\u00e3o Paulo (de 16,3% para 16,2), diminuiu na regi\u00e3o leste, que inclui Guarulhos e Mogi das Cruzes, (de 19,7% para 19,0%), e subiu na regi\u00e3o sudeste e cidades do Grande ABC (de 17,0% para 18,2%).<\/p>\n<p>Entre maio e junho deste ano, diminuiu o rendimento m\u00e9dio real dos ocupados em 1,6% e o dos assalariados em 1,4%, passando a equivaler a R$ 2.089 e R$ 2.157, respectivamente. Entre junho de 2017 e de 2018, esse rendimento caiu ocupados 1,4% entre os ocupados e 1,4% entre os assalariados.<\/p>\n<p>Fernanda Cruz \u2013 Rep\u00f3rter da Ag\u00eancia Brasil<br \/>\nEdi\u00e7\u00e3o: Maria Claudia<br \/>\n30\/08\/2018<\/p>\n","protected":false},"excerpt":{"rendered":"<p>A taxa de desemprego na regi\u00e3o metropolitana de S\u00e3o Paulo foi de 17% no m\u00eas de julho, mesmo percentual do m\u00eas anterior, segundo a Funda\u00e7\u00e3o Seade e o Dieese. Em julho de 2017, a taxa foi de 18,3%. O contingente de desempregados foi estimado em 1,869 milh\u00e3o de pessoas, 14 mil a menos que no [&hellip;]<\/p>\n","protected":false},"author":2,"featured_media":148309,"comment_status":"open","ping_status":"closed","sticky":false,"template":"","format":"standard","meta":{"tdm_status":"","tdm_grid_status":"","footnotes":""},"categories":[22,7],"tags":[],"class_list":{"0":"post-150430","1":"post","2":"type-post","3":"status-publish","4":"format-standard","5":"has-post-thumbnail","7":"category-brasil","8":"category-economia"},"_links":{"self":[{"href":"https:\/\/migracao.redenoticia.com.br\/noticia\/wp-json\/wp\/v2\/posts\/150430","targetHints":{"allow":["GET"]}}],"collection":[{"href":"https:\/\/migracao.redenoticia.com.br\/noticia\/wp-json\/wp\/v2\/posts"}],"about":[{"href":"https:\/\/migracao.redenoticia.com.br\/noticia\/wp-json\/wp\/v2\/types\/post"}],"author":[{"embeddable":true,"href":"https:\/\/migracao.redenoticia.com.br\/noticia\/wp-json\/wp\/v2\/users\/2"}],"replies":[{"embeddable":true,"href":"https:\/\/migracao.redenoticia.com.br\/noticia\/wp-json\/wp\/v2\/comments?post=150430"}],"version-history":[{"count":0,"href":"https:\/\/migracao.redenoticia.com.br\/noticia\/wp-json\/wp\/v2\/posts\/150430\/revisions"}],"wp:featuredmedia":[{"embeddable":true,"href":"https:\/\/migracao.redenoticia.com.br\/noticia\/wp-json\/wp\/v2\/media\/148309"}],"wp:attachment":[{"href":"https:\/\/migracao.redenoticia.com.br\/noticia\/wp-json\/wp\/v2\/media?parent=150430"}],"wp:term":[{"taxonomy":"category","embeddable":true,"href":"https:\/\/migracao.redenoticia.com.br\/noticia\/wp-json\/wp\/v2\/categories?post=150430"},{"taxonomy":"post_tag","embeddable":true,"href":"https:\/\/migracao.redenoticia.com.br\/noticia\/wp-json\/wp\/v2\/tags?post=150430"}],"curies":[{"name":"wp","href":"https:\/\/api.w.org\/{rel}","templated":true}]}}