{"id":150648,"date":"2018-09-01T18:47:05","date_gmt":"2018-09-01T21:47:05","guid":{"rendered":"https:\/\/www.redenoticia.com.br\/noticia\/?p=150648"},"modified":"2018-09-01T18:47:05","modified_gmt":"2018-09-01T21:47:05","slug":"resumo-novela-o-tempo-nao-para-03-09-marocas-constrange-betina-na-rua","status":"publish","type":"post","link":"https:\/\/migracao.redenoticia.com.br\/noticia\/2018\/resumo-novela-o-tempo-nao-para-03-09-marocas-constrange-betina-na-rua\/150648","title":{"rendered":"Resumo novela \u201cO Tempo N\u00e3o Para\u201d 03\/09: Marocas constrange Betina na rua"},"content":{"rendered":"<p> <img loading=\"lazy\" decoding=\"async\" class=\"alignleft size-thumbnail wp-image-148135\" src=\"https:\/\/migracao.redenoticia.com.br\/noticia\/imagens\/o-tempo-nao-para-novela-resumo-150x112.jpg\" alt=\"\" width=\"150\" height=\"112\" srcset=\"https:\/\/migracao.redenoticia.com.br\/noticia\/imagens\/o-tempo-nao-para-novela-resumo-150x112.jpg 150w, https:\/\/migracao.redenoticia.com.br\/noticia\/imagens\/o-tempo-nao-para-novela-resumo-265x198.jpg 265w, https:\/\/migracao.redenoticia.com.br\/noticia\/imagens\/o-tempo-nao-para-novela-resumo-485x360.jpg 485w\" sizes=\"auto, (max-width: 150px) 100vw, 150px\" \/><strong><em>Resumo novela \u201cO Tempo N\u00e3o Para\u201d 03\/09 <\/em><\/strong>: no cap\u00edtulo 030 (*) da novela \u201cO Tempo N\u00e3o Para\u201d, resumo segunda-feira, 03 de setembro, Dom Sabino afasta Bento de Samuca. Pedro Parede faz fotos da confus\u00e3o no noivado. Marocas se defende de Bento, depois de ser beijada por ele. Em\u00edlio recebe as fotos enviadas por Pedro Parede, e Zelda reage desconfort\u00e1vel. Betina procura Samuca, e Marocas os flagra juntos. Marocas e Samuca ficam presos no elevador e fazem as pazes. <\/p>\n<p>Miss Celine e Elmo tamb\u00e9m ficam presos e acabam se beijando. Betina dorme na casa de Samuca. Marino ajuda Carmen em um bar. Samuca entrega o anel de noivado a Marocas. Marocas encontra Betina na casa de Samuca. Monalisa termina seu casamento. Helen tenta ser paciente com Bento. Marocas discute com Betina e a expulsa da casa de Samuca. Paulina mostra a c\u00f3pia da escritura da fazenda de Dom Sabino para Eliseu. Marocas constrange Betina na rua.<\/p>\n<p>(*) edi\u00e7\u00e3o da Rede Globo, Novela \u201cO Tempo N\u00e3o Para\u201d, sujeito a altera\u00e7\u00e3o de data e conte\u00fado.<\/p>\n<p>Anos de avan\u00e7os e descobertas que moldaram costumes, h\u00e1bitos e linguagens da sociedade contempor\u00e2nea v\u00e3o gerar um choque em uma abastada fam\u00edlia do s\u00e9culo XIX que desperta no s\u00e9culo XXI. Por 132 anos, os Sabino Machado e seus agregados ficaram congelados, dentro de um bloco de gelo, enquanto a vida l\u00e1 fora passava. Agora, v\u00e3o despertar em uma S\u00e3o Paulo pulsante e turbulenta e se deparar com a sociedade em pleno 2018. &#8220;O Tempo N\u00e3o Para&#8221;, nova novela das 7, \u00e9 escrita por Mario Teixeira e tem dire\u00e7\u00e3o art\u00edstica de Leonardo Nogueira.<\/p>\n","protected":false},"excerpt":{"rendered":"<p>Resumo novela \u201cO Tempo N\u00e3o Para\u201d 03\/09 : no cap\u00edtulo 030 (*) da novela \u201cO Tempo N\u00e3o Para\u201d, resumo segunda-feira, 03 de setembro, Dom Sabino afasta Bento de Samuca. Pedro Parede faz fotos da confus\u00e3o no noivado. Marocas se defende de Bento, depois de ser beijada por ele. Em\u00edlio recebe as fotos enviadas por Pedro [&hellip;]<\/p>\n","protected":false},"author":2,"featured_media":149480,"comment_status":"open","ping_status":"closed","sticky":false,"template":"","format":"standard","meta":{"tdm_status":"","tdm_grid_status":"","footnotes":""},"categories":[379,490,375,343],"tags":[441],"class_list":{"0":"post-150648","1":"post","2":"type-post","3":"status-publish","4":"format-standard","5":"has-post-thumbnail","7":"category-novelas","8":"category-o-tempo-nao-para","9":"category-rede-globo","10":"category-televisao","11":"tag-resumo-do-dia"},"_links":{"self":[{"href":"https:\/\/migracao.redenoticia.com.br\/noticia\/wp-json\/wp\/v2\/posts\/150648","targetHints":{"allow":["GET"]}}],"collection":[{"href":"https:\/\/migracao.redenoticia.com.br\/noticia\/wp-json\/wp\/v2\/posts"}],"about":[{"href":"https:\/\/migracao.redenoticia.com.br\/noticia\/wp-json\/wp\/v2\/types\/post"}],"author":[{"embeddable":true,"href":"https:\/\/migracao.redenoticia.com.br\/noticia\/wp-json\/wp\/v2\/users\/2"}],"replies":[{"embeddable":true,"href":"https:\/\/migracao.redenoticia.com.br\/noticia\/wp-json\/wp\/v2\/comments?post=150648"}],"version-history":[{"count":0,"href":"https:\/\/migracao.redenoticia.com.br\/noticia\/wp-json\/wp\/v2\/posts\/150648\/revisions"}],"wp:featuredmedia":[{"embeddable":true,"href":"https:\/\/migracao.redenoticia.com.br\/noticia\/wp-json\/wp\/v2\/media\/149480"}],"wp:attachment":[{"href":"https:\/\/migracao.redenoticia.com.br\/noticia\/wp-json\/wp\/v2\/media?parent=150648"}],"wp:term":[{"taxonomy":"category","embeddable":true,"href":"https:\/\/migracao.redenoticia.com.br\/noticia\/wp-json\/wp\/v2\/categories?post=150648"},{"taxonomy":"post_tag","embeddable":true,"href":"https:\/\/migracao.redenoticia.com.br\/noticia\/wp-json\/wp\/v2\/tags?post=150648"}],"curies":[{"name":"wp","href":"https:\/\/api.w.org\/{rel}","templated":true}]}}