{"id":15066,"date":"2009-10-23T14:42:04","date_gmt":"2009-10-23T18:42:04","guid":{"rendered":"http:\/\/www.redenoticia.com.br\/noticia\/?p=15066"},"modified":"2009-10-23T14:42:04","modified_gmt":"2009-10-23T18:42:04","slug":"jornada-nacional-da-juventude","status":"publish","type":"post","link":"https:\/\/migracao.redenoticia.com.br\/noticia\/2009\/jornada-nacional-da-juventude\/15066","title":{"rendered":"Jornada nacional da juventude"},"content":{"rendered":"<p><a href=\"https:\/\/migracao.redenoticia.com.br\/noticia\/imagens\/\/jovens.jpg\"><img loading=\"lazy\" decoding=\"async\" class=\"alignleft size-full wp-image-15067\" title=\"jovens\" src=\"https:\/\/migracao.redenoticia.com.br\/noticia\/imagens\/\/jovens.jpg\" alt=\"jovens\" width=\"150\" height=\"113\" \/><\/a>O Santu\u00e1rio Nacional de Nossa Senhora Aparecida realiza no pr\u00f3ximo dia 1\u00ba de novembro a Jornada Nacional da Juventude, que ter\u00e1 transmiss\u00f5es televisivas pela REDE APARECIDA. O evento tem como tema &#8220;Jovens em Miss\u00e3o&#8221; e contar\u00e1 com palestra, shows e reflex\u00e3o.<\/p>\n<p>A mobiliza\u00e7\u00e3o \u00e9 uma parceria da CNBB com o Santu\u00e1rio Nacional de Aparecida. A Jornada da Juventude d\u00e1 continuidade \u00e0 Jornada Internacional dos Jovens que aconteceu h\u00e1 dois anos por iniciativa do Santo Padre, Bento XVI.<\/p>\n<p>A REDE APARECIDA transmite, ao vivo, no dia 1\u00ba de novembro:<\/p>\n<p>11h15 Missa de Aparecida no Santu\u00e1rio Nacional &#8211; Jornada da Juventude: Celebra\u00e7\u00e3o presidida pelo Arcebispo de Aparecida Dom Raymundo Damasceno Assis<\/p>\n<p>12h45 Cobertura da Jornada<\/p>\n<p>14h00 Show com Fam\u00edlia Lima<\/p>\n<p>15h30 Cobertura da Jornada<\/p>\n<p>16h00 Show com Pe. F\u00e1bio de Melo<\/p>\n<p>Mais informa\u00e7\u00f5es em www.tvaparecida.com.br<\/p>\n<p>Sobre a REDE APARECIDA<br \/>\n\u00a0<\/p>\n<p>A emissora &#8211; quatro anos de qualidade<\/p>\n<p>A REDE APARECIDA completou quatro anos em setembro com vigor renovado e com metas audazes de conquista de p\u00fablico por meio de produtos bem acabados e com conte\u00fado garantido para toda fam\u00edlia. Os programas s\u00e3o elaborados a partir de valores fundamentais para o conv\u00edvio social e felicidade humana, de modo que \u00e9 imposs\u00edvel encontrar em sua grade aberra\u00e7\u00f5es que abusem ou desrespeitem o telespectador.<\/p>\n<p>Al\u00e9m da preocupa\u00e7\u00e3o pelo conte\u00fado, \u00e9 fundamental tamb\u00e9m o cuidado com o formato e a pl\u00e1stica art\u00edstica. Nesse curto percurso de quatro anos a emissora deu grandes passos na concep\u00e7\u00e3o de vinhetas e cen\u00e1rios, pois acredita que profissionalismo revela-se pela propriedade do trabalho e pelo conseq\u00fcente resultado que evidencia o belo, que atrai a todos e que deixa claro a seriedade da emissora.<br \/>\nEstrutura<\/p>\n<p>A REDE Aparecida, com sede em Aparecida &#8211; SP, conta com mais de 300 colaboradores, em uma \u00e1rea de mais de 12.000 metros quadrados, que englobam tr\u00eas est\u00fadios de TV, sete est\u00fadios de \u00e1udio e um audit\u00f3rio-est\u00fadio para mais de 600 pessoas. Possui ainda duas estruturas externas, localizadas na Matriz Bas\u00edlica e no Santu\u00e1rio Nacional de Aparecida, de onde transmite ao vivo. Toda sua programa\u00e7\u00e3o \u00e9 produzida em HDTV, com mais de 40 programas multiculturais &#8211; jornalismo, entretenimento, variedades, cultura, religi\u00e3o e infantil. Mais de 65 milh\u00f5es de pessoas recebem a programa\u00e7\u00e3o da REDE Aparecida.<\/p>\n<p>No que se refere ao alcance do sinal, a REDE APARECIDA est\u00e1 em canais abertos (UHF e VHF) para mais de 150 cidades, destas, 12 s\u00e3o capitais al\u00e9m de outras cidades grandes como Campinas-SP. A REDE APARECIDA tamb\u00e9m pode ser assistida em todo Brasil pela parab\u00f3lica e pela SKY canal 24. E ainda o TV a Cabo NET em 6 munic\u00edpios no RJ e SP. Em S\u00e3o Paulo, no canal 36 UHF e outras cidades: http:\/\/www.tvaparecida.com.br\/cobertura_sinal.php A REDE Aparecida possui seu perfil de programa\u00e7\u00e3o dividido em 69% adulto, 23% jovem e 8% infantil, sendo 55% feminino e 45% masculino. Seu conte\u00fado se divide 40% em entretenimento, 27% religioso, 17% educativo e 16% informativo.<\/p>\n<p>Com estimativa nacional, o departamento de expans\u00e3o da emissora estabelece estrat\u00e9gias para novas implanta\u00e7\u00f5es de canais, garantindo a disponibilidade do canal e qualidade do sinal.<\/p>\n","protected":false},"excerpt":{"rendered":"<p>O Santu\u00e1rio Nacional de Nossa Senhora Aparecida realiza no pr\u00f3ximo dia 1\u00ba de novembro a Jornada Nacional da Juventude, que ter\u00e1 transmiss\u00f5es televisivas pela REDE APARECIDA. O evento tem como tema &#8220;Jovens em Miss\u00e3o&#8221; e contar\u00e1 com palestra, shows e reflex\u00e3o. A mobiliza\u00e7\u00e3o \u00e9 uma parceria da CNBB com o Santu\u00e1rio Nacional de Aparecida. A [&hellip;]<\/p>\n","protected":false},"author":3,"featured_media":0,"comment_status":"open","ping_status":"open","sticky":false,"template":"","format":"standard","meta":{"tdm_status":"","tdm_grid_status":"","footnotes":""},"categories":[343],"tags":[],"class_list":{"0":"post-15066","1":"post","2":"type-post","3":"status-publish","4":"format-standard","6":"category-televisao"},"_links":{"self":[{"href":"https:\/\/migracao.redenoticia.com.br\/noticia\/wp-json\/wp\/v2\/posts\/15066","targetHints":{"allow":["GET"]}}],"collection":[{"href":"https:\/\/migracao.redenoticia.com.br\/noticia\/wp-json\/wp\/v2\/posts"}],"about":[{"href":"https:\/\/migracao.redenoticia.com.br\/noticia\/wp-json\/wp\/v2\/types\/post"}],"author":[{"embeddable":true,"href":"https:\/\/migracao.redenoticia.com.br\/noticia\/wp-json\/wp\/v2\/users\/3"}],"replies":[{"embeddable":true,"href":"https:\/\/migracao.redenoticia.com.br\/noticia\/wp-json\/wp\/v2\/comments?post=15066"}],"version-history":[{"count":0,"href":"https:\/\/migracao.redenoticia.com.br\/noticia\/wp-json\/wp\/v2\/posts\/15066\/revisions"}],"wp:attachment":[{"href":"https:\/\/migracao.redenoticia.com.br\/noticia\/wp-json\/wp\/v2\/media?parent=15066"}],"wp:term":[{"taxonomy":"category","embeddable":true,"href":"https:\/\/migracao.redenoticia.com.br\/noticia\/wp-json\/wp\/v2\/categories?post=15066"},{"taxonomy":"post_tag","embeddable":true,"href":"https:\/\/migracao.redenoticia.com.br\/noticia\/wp-json\/wp\/v2\/tags?post=15066"}],"curies":[{"name":"wp","href":"https:\/\/api.w.org\/{rel}","templated":true}]}}