{"id":150685,"date":"2018-09-08T14:23:29","date_gmt":"2018-09-08T17:23:29","guid":{"rendered":"https:\/\/www.redenoticia.com.br\/noticia\/?p=150685"},"modified":"2018-09-08T14:51:33","modified_gmt":"2018-09-08T17:51:33","slug":"novela-segundo-sol-escandalo-abala-show-da-volta-de-beto-falcao","status":"publish","type":"post","link":"https:\/\/migracao.redenoticia.com.br\/noticia\/2018\/novela-segundo-sol-escandalo-abala-show-da-volta-de-beto-falcao\/150685","title":{"rendered":"Novela &#8220;Segundo Sol\u201d: esc\u00e2ndalo abala show da volta de Beto Falc\u00e3o"},"content":{"rendered":"<p><img loading=\"lazy\" decoding=\"async\" src=\"https:\/\/migracao.redenoticia.com.br\/noticia\/imagens\/segundo-sol-resumo-novela-77-150x112.jpg\" alt=\"\" width=\"150\" height=\"112\" class=\"alignleft size-thumbnail wp-image-149459\" srcset=\"https:\/\/migracao.redenoticia.com.br\/noticia\/imagens\/segundo-sol-resumo-novela-77-150x112.jpg 150w, https:\/\/migracao.redenoticia.com.br\/noticia\/imagens\/segundo-sol-resumo-novela-77-265x198.jpg 265w, https:\/\/migracao.redenoticia.com.br\/noticia\/imagens\/segundo-sol-resumo-novela-77-485x360.jpg 485w\" sizes=\"auto, (max-width: 150px) 100vw, 150px\" \/><strong><em>Novela &#8220;Segundo Sol&#8221;:<\/em><\/strong> Galdino (Narcival Rubens) consegue um v\u00eddeo de Karola (Deborah Secco) com Remy (Vladimir Brichta) e, junto com Luzia (Giovanna Antonelli), exibe as imagens durante o show de volta de Beto Falc\u00e3o (Emilio Dantas). Todos ficam horrorizados ao descobrirem que a vil\u00e3 tinha um caso com o cunhado. Karola confessa a Beto e a sua fam\u00edlia que traiu o marido com Remy e os chamam de sanguessugas. Karola acha que foi Laureta quem vazou o v\u00eddeo. Galdino arma para Karola matar a cafetina e Luzia se preocupa com os rumos de sua vingan\u00e7a.<\/p>\n<p>Veja o contexto no resumo de &#8220;Segundo Sol&#8221;, 20 de setembro, no portal .<\/p>\n<p>Na novela \u201cSegundo Sol\u201d, Salvador, fim dos anos 90. O ax\u00e9 embala o Carnaval da Bahia. S\u00f3 que quem est\u00e1 em plena decad\u00eancia \u00e9 Beto Falc\u00e3o (Em\u00edlio Dantas), que estourou com o sucesso \u201cAx\u00e9 Pel\u00f4\u201d, hit que fez cantar um pa\u00eds inteiro em 94. Agora, o cach\u00ea vem devagar. E para pagar parte das d\u00edvidas da fam\u00edlia, aceita fazer uma pequena apresenta\u00e7\u00e3o em Aracaju. Numa mar\u00e9 de azar \u2013 que salvar\u00e1 sua vida -, Beto perde o voo e a apresenta\u00e7\u00e3o. O avi\u00e3o que ele pegaria cai, e o cantor \u00e9 dado como morto.<\/p>\n<p>A como\u00e7\u00e3o \u00e9 nacional. Do fracasso, Beto Falc\u00e3o reencontra a fama, mas dessa vez na categoria de mito. Em segredo, v\u00ea sua imagem ser ovacionada e os problemas financeiros da fam\u00edlia se solucionarem. Convencido pela namorada, Karola (Deborah Secco), cujo romance n\u00e3o anda l\u00e1 muito bem, e pelo irm\u00e3o interesseiro Remy (Vladimir Brichta), de que se manter \u201cmorto\u201d \u00e9 a melhor op\u00e7\u00e3o, ele deixa a cidade e se refugia na ilha de Boipor\u00e3.<\/p>\n<p>Fonte: &#8220;Segundo Sol&#8221;, novela da Rede Globo<\/p>\n","protected":false},"excerpt":{"rendered":"<p>Novela &#8220;Segundo Sol&#8221;: Galdino (Narcival Rubens) consegue um v\u00eddeo de Karola (Deborah Secco) com Remy (Vladimir Brichta) e, junto com Luzia (Giovanna Antonelli), exibe as imagens durante o show de volta de Beto Falc\u00e3o (Emilio Dantas). Todos ficam horrorizados ao descobrirem que a vil\u00e3 tinha um caso com o cunhado. Karola confessa a Beto e [&hellip;]<\/p>\n","protected":false},"author":2,"featured_media":149459,"comment_status":"open","ping_status":"closed","sticky":false,"template":"","format":"standard","meta":{"tdm_status":"","tdm_grid_status":"","footnotes":""},"categories":[388,379,375,474,343],"tags":[440],"class_list":{"0":"post-150685","1":"post","2":"type-post","3":"status-publish","4":"format-standard","5":"has-post-thumbnail","7":"category-destaques","8":"category-novelas","9":"category-rede-globo","10":"category-segundo-sol","11":"category-televisao","12":"tag-noticia-novela"},"_links":{"self":[{"href":"https:\/\/migracao.redenoticia.com.br\/noticia\/wp-json\/wp\/v2\/posts\/150685","targetHints":{"allow":["GET"]}}],"collection":[{"href":"https:\/\/migracao.redenoticia.com.br\/noticia\/wp-json\/wp\/v2\/posts"}],"about":[{"href":"https:\/\/migracao.redenoticia.com.br\/noticia\/wp-json\/wp\/v2\/types\/post"}],"author":[{"embeddable":true,"href":"https:\/\/migracao.redenoticia.com.br\/noticia\/wp-json\/wp\/v2\/users\/2"}],"replies":[{"embeddable":true,"href":"https:\/\/migracao.redenoticia.com.br\/noticia\/wp-json\/wp\/v2\/comments?post=150685"}],"version-history":[{"count":0,"href":"https:\/\/migracao.redenoticia.com.br\/noticia\/wp-json\/wp\/v2\/posts\/150685\/revisions"}],"wp:featuredmedia":[{"embeddable":true,"href":"https:\/\/migracao.redenoticia.com.br\/noticia\/wp-json\/wp\/v2\/media\/149459"}],"wp:attachment":[{"href":"https:\/\/migracao.redenoticia.com.br\/noticia\/wp-json\/wp\/v2\/media?parent=150685"}],"wp:term":[{"taxonomy":"category","embeddable":true,"href":"https:\/\/migracao.redenoticia.com.br\/noticia\/wp-json\/wp\/v2\/categories?post=150685"},{"taxonomy":"post_tag","embeddable":true,"href":"https:\/\/migracao.redenoticia.com.br\/noticia\/wp-json\/wp\/v2\/tags?post=150685"}],"curies":[{"name":"wp","href":"https:\/\/api.w.org\/{rel}","templated":true}]}}