{"id":15071,"date":"2009-10-23T14:45:21","date_gmt":"2009-10-23T18:45:21","guid":{"rendered":"http:\/\/www.redenoticia.com.br\/noticia\/?p=15071"},"modified":"2009-10-23T14:45:21","modified_gmt":"2009-10-23T18:45:21","slug":"novo-formato-de-minisserie","status":"publish","type":"post","link":"https:\/\/migracao.redenoticia.com.br\/noticia\/2009\/novo-formato-de-minisserie\/15071","title":{"rendered":"Novo formato de miniss\u00e9rie"},"content":{"rendered":"<p><a href=\"https:\/\/migracao.redenoticia.com.br\/noticia\/imagens\/\/castigo.jpg\"><img loading=\"lazy\" decoding=\"async\" class=\"alignleft size-full wp-image-15072\" title=\"castigo\" src=\"https:\/\/migracao.redenoticia.com.br\/noticia\/imagens\/\/castigo.jpg\" alt=\"castigo\" width=\"150\" height=\"113\" \/><\/a>Estreia no pr\u00f3ximo dia 20 de novembro, no Brasil, a miniss\u00e9rie de suspense multiplataforma Castigo Final, no Canal Oi, canal 31 da Oi TV. O elenco se reuniu no in\u00edcio deste m\u00eas, durante o Festival de Cinema do Rio, para a pr\u00e9-estreia da miniss\u00e9rie, produzida pela beActive Entertainment, empresa do grupo portugu\u00eas Aitec.<br \/>\nA produ\u00e7\u00e3o se desenrola num pres\u00eddio feminino de seguran\u00e7a m\u00e1xima no Rio de Janeiro, onde as detentas passam por estranhos acontecimentos. No elenco, destaque para a atriz Sarito Rodrigues, a detenta Rose, (quarta da esquerda para a direita), que atualmente, vive a madrasta da personagem Ta\u00eds Ara\u00fajo, na novela Viver a Vida, da TV Globo; e Beta Perez (\u00faltima da esq. para dir.), preparadora de elenco de Castigo Final, e hoje atuando na novela Cama de Gato, tamb\u00e9m na Globo.<\/p>\n<p>Sobre Castigo Final<\/p>\n<p>&#8220;Castigo Final&#8221;\u00e9 composta por quatro cap\u00edtulos de 25 minutos cada, sobre estranhos acontecimentos em um pres\u00eddio carioca. Destacam-se entre as integrantes do elenco: L\u00edvia Maria Senatore &#8211; participante da primeira temporada do reality show Brazil&#8221;s Next top Model; Adriana Rabello &#8211; que tem participa\u00e7\u00f5es em novelas da Globo como Eterna Magia, P\u00e1ginas da Vida e Bel\u00edssima; e Maria Eduarda Pellegrino Machado, ex-atriz da novela global Malha\u00e7\u00e3o. J\u00e1 o roteiro ficou a cargo de Gabriella Mancini escritora de curtas-metragens de fic\u00e7\u00e3o e document\u00e1rios para o Canal Futura, entre outros projetos.<\/p>\n<p>A hist\u00f3ria ser\u00e1 transmitida a partir de 20 de novembro com exclusividade pelo Canal Oi, canal 31 da Oi TV, sempre \u00e0s sextas-feiras. No Oi M\u00f3vel haver\u00e1 conte\u00fado extra, com download gratuito, al\u00e9m do jogo da velha e truco, customizados com as personagens, a R$ 0,99 por download. O cliente Oi tamb\u00e9m poder\u00e1 acessar todo o conte\u00fado no portal Wap da s\u00e9rie pagando apenas o tr\u00e1fego, bastando enviar a palavra &#8220;Castigo&#8221; para 3131. No portal www.canaloi.com.br\/castigofinal haver\u00e1 ainda v\u00eddeos extras e v\u00eddeos virais com extratos de cenas finais para TV e adaptados para a web. Al\u00e9m disso, os epis\u00f3dios de TV entrar\u00e3o uma semana depois da transmiss\u00e3o no Canal Oi.<\/p>\n<p>Sobre a beActive Entertainment<\/p>\n<p>Criada em 2003, a beActive Entertainment, uma empresa do Grupo Multinacional Aitec, produz obras audiovisuais distribu\u00eddas internacionalmente. Foi a respons\u00e1vel pela cria\u00e7\u00e3o de seriados interativos como o Di\u00e1rio de Sofia e Flatmates, por exemplo. Recentemente a beActive Entertainment produziu a terceira temporada do seriado Di\u00e1rio de Sofia na Inglaterra para a Sony Pictures Television, co-produziu com a The Nightingale Company a 2a temporada de The Weight no Canad\u00e1 que contou com a presen\u00e7a da Linda Hamilton, atriz de Exterminador do Futuro, Sharon Lawrence (de Desperate Housewives) e Ed Asner (voz do novo filme animado da Disney, UP) e diferentes vers\u00f5es do seriado Flatmates em Portugal, Gr\u00e9cia e It\u00e1lia. A empresa possui um acordo de distribui\u00e7\u00e3o com a Sony Pictures Television em Los Angeles.<\/p>\n<p>No Brasil, onde \u00e9 representada pela Aitec Brasil, a beActive j\u00e1 participou da produ\u00e7\u00e3o da vers\u00e3o brasileira do Di\u00e1rio de Sofia (em 2007). A empresa foi tamb\u00e9m uma das cinco selecionadas para participar nos Pitchs do Forum Brasil 2009 com o projeto &#8220;The 40&#8221;s List&#8221; e est\u00e1 desenvolvendo um roteiro em parceria com Paulo Machline, realizador brasileiro vencedor de um Oscar.<\/p>\n","protected":false},"excerpt":{"rendered":"<p>Estreia no pr\u00f3ximo dia 20 de novembro, no Brasil, a miniss\u00e9rie de suspense multiplataforma Castigo Final, no Canal Oi, canal 31 da Oi TV. O elenco se reuniu no in\u00edcio deste m\u00eas, durante o Festival de Cinema do Rio, para a pr\u00e9-estreia da miniss\u00e9rie, produzida pela beActive Entertainment, empresa do grupo portugu\u00eas Aitec. A produ\u00e7\u00e3o [&hellip;]<\/p>\n","protected":false},"author":3,"featured_media":0,"comment_status":"open","ping_status":"open","sticky":false,"template":"","format":"standard","meta":{"tdm_status":"","tdm_grid_status":"","footnotes":""},"categories":[343],"tags":[],"class_list":{"0":"post-15071","1":"post","2":"type-post","3":"status-publish","4":"format-standard","6":"category-televisao"},"_links":{"self":[{"href":"https:\/\/migracao.redenoticia.com.br\/noticia\/wp-json\/wp\/v2\/posts\/15071","targetHints":{"allow":["GET"]}}],"collection":[{"href":"https:\/\/migracao.redenoticia.com.br\/noticia\/wp-json\/wp\/v2\/posts"}],"about":[{"href":"https:\/\/migracao.redenoticia.com.br\/noticia\/wp-json\/wp\/v2\/types\/post"}],"author":[{"embeddable":true,"href":"https:\/\/migracao.redenoticia.com.br\/noticia\/wp-json\/wp\/v2\/users\/3"}],"replies":[{"embeddable":true,"href":"https:\/\/migracao.redenoticia.com.br\/noticia\/wp-json\/wp\/v2\/comments?post=15071"}],"version-history":[{"count":0,"href":"https:\/\/migracao.redenoticia.com.br\/noticia\/wp-json\/wp\/v2\/posts\/15071\/revisions"}],"wp:attachment":[{"href":"https:\/\/migracao.redenoticia.com.br\/noticia\/wp-json\/wp\/v2\/media?parent=15071"}],"wp:term":[{"taxonomy":"category","embeddable":true,"href":"https:\/\/migracao.redenoticia.com.br\/noticia\/wp-json\/wp\/v2\/categories?post=15071"},{"taxonomy":"post_tag","embeddable":true,"href":"https:\/\/migracao.redenoticia.com.br\/noticia\/wp-json\/wp\/v2\/tags?post=15071"}],"curies":[{"name":"wp","href":"https:\/\/api.w.org\/{rel}","templated":true}]}}