{"id":150749,"date":"2018-09-03T15:18:33","date_gmt":"2018-09-03T18:18:33","guid":{"rendered":"https:\/\/www.redenoticia.com.br\/noticia\/?p=150749"},"modified":"2018-09-03T15:18:33","modified_gmt":"2018-09-03T18:18:33","slug":"resumo-novela-carrossel-04-09-helena-e-seus-alunos-chegam-a-casa-de-davi","status":"publish","type":"post","link":"https:\/\/migracao.redenoticia.com.br\/noticia\/2018\/resumo-novela-carrossel-04-09-helena-e-seus-alunos-chegam-a-casa-de-davi\/150749","title":{"rendered":"Resumo novela \u201cCarrossel\u201d 04\/09: Helena e seus alunos chegam \u00e0 casa de Davi"},"content":{"rendered":"<p><img loading=\"lazy\" decoding=\"async\" class=\"alignleft size-thumbnail wp-image-148668\" src=\"https:\/\/migracao.redenoticia.com.br\/noticia\/imagens\/carrossel-150x112.jpg\" alt=\"\" width=\"150\" height=\"112\" srcset=\"https:\/\/migracao.redenoticia.com.br\/noticia\/imagens\/carrossel-150x112.jpg 150w, https:\/\/migracao.redenoticia.com.br\/noticia\/imagens\/carrossel-265x198.jpg 265w, https:\/\/migracao.redenoticia.com.br\/noticia\/imagens\/carrossel-485x360.jpg 485w\" sizes=\"auto, (max-width: 150px) 100vw, 150px\" \/><strong><em>Resumo novela \u201cCarrossel\u201d 04\/09 <\/em><\/strong>: no cap\u00edtulo 022 (*) da novela \u201cCarrossel\u201d, ter\u00e7a-feira, 04  de setembro, Adriano pergunta a Daniel se sua imagina\u00e7\u00e3o vai voltar. Val\u00e9ria telefona para Davi, que conta que sua av\u00f3 est\u00e1 melhor. Val\u00e9ria afirma que n\u00e3o quer ver Davi triste. Adriano tem um pesadelo, no sonhos ele \u00e9 raptado por Cartola Negra e acorda sobressaltado. A av\u00f3 de Davi acorda melhor e ele vai para a escola. Todos comemoram a recupera\u00e7\u00e3o da av\u00f3 de Davi. Como \u00e9 anivers\u00e1rio da av\u00f3 de Davi, Daniel tem a ideia de reunir todos os alunos para fazer uma surpresa a ela. Maria Joaquina acha a ideia uma besteira.<\/p>\n<p>Os alunos correm para contar a ideia a Helena. Val\u00e9ria fala que Maria Joaquina disse que \u00e9 uma grande besteira. A professora pede para os alunos chamarem Maria Joaquina. Helena conversa com a menina e pede a ajuda dela para organizar a visita, pois ela tem muito bom gosto. Helena pede autoriza\u00e7\u00e3o a Ol\u00edvia para levar o alunos para fazer uma visita \u00e0 av\u00f3 de Davi, pois ela est\u00e1 fazendo anivers\u00e1rio e est\u00e1 muito doente. Ol\u00edvia pergunta a Helena o que os alunos podem aprender visitando uma senhora doente. Ol\u00edvia afirma que precisa da autoriza\u00e7\u00e3o dos pais dos alunos.<\/p>\n<p>Helena pede para Ol\u00edvia deixar os alunos usarem o seu telefone para avisar aos respons\u00e1veis. Ir\u00f4nica, Matilde insinua a Ol\u00edvia que a diretora est\u00e1 cedendo a Helena. Ol\u00edvia diz que se a av\u00f3 de Davi morrer vai se sentir culpada por n\u00e3o ter autorizado a visita. Helena e seus alunos chegam \u00e0 casa de Davi e cantam uma m\u00fasica para a av\u00f3 do garoto. Davi apresenta seus amigos a D. Sara, um a um. Paulo diz a Kokimoto que visitar uma velhinha \u00e9 muito chato. Paulo revela que vai jogar p\u00f3 de mico numa pessoa muito especial.<\/p>\n<p>(*) edi\u00e7\u00e3o do SBT, Novela \u201cCarrossel\u201d, sujeito a altera\u00e7\u00e3o de data e conte\u00fado.<\/p>\n","protected":false},"excerpt":{"rendered":"<p>Resumo novela \u201cCarrossel\u201d 04\/09 : no cap\u00edtulo 022 (*) da novela \u201cCarrossel\u201d, ter\u00e7a-feira, 04 de setembro, Adriano pergunta a Daniel se sua imagina\u00e7\u00e3o vai voltar. Val\u00e9ria telefona para Davi, que conta que sua av\u00f3 est\u00e1 melhor. Val\u00e9ria afirma que n\u00e3o quer ver Davi triste. Adriano tem um pesadelo, no sonhos ele \u00e9 raptado por Cartola [&hellip;]<\/p>\n","protected":false},"author":4,"featured_media":148668,"comment_status":"open","ping_status":"closed","sticky":false,"template":"","format":"standard","meta":{"tdm_status":"","tdm_grid_status":"","footnotes":""},"categories":[503,379,372,343],"tags":[441],"class_list":{"0":"post-150749","1":"post","2":"type-post","3":"status-publish","4":"format-standard","5":"has-post-thumbnail","7":"category-carrossel","8":"category-novelas","9":"category-sbt","10":"category-televisao","11":"tag-resumo-do-dia"},"_links":{"self":[{"href":"https:\/\/migracao.redenoticia.com.br\/noticia\/wp-json\/wp\/v2\/posts\/150749","targetHints":{"allow":["GET"]}}],"collection":[{"href":"https:\/\/migracao.redenoticia.com.br\/noticia\/wp-json\/wp\/v2\/posts"}],"about":[{"href":"https:\/\/migracao.redenoticia.com.br\/noticia\/wp-json\/wp\/v2\/types\/post"}],"author":[{"embeddable":true,"href":"https:\/\/migracao.redenoticia.com.br\/noticia\/wp-json\/wp\/v2\/users\/4"}],"replies":[{"embeddable":true,"href":"https:\/\/migracao.redenoticia.com.br\/noticia\/wp-json\/wp\/v2\/comments?post=150749"}],"version-history":[{"count":0,"href":"https:\/\/migracao.redenoticia.com.br\/noticia\/wp-json\/wp\/v2\/posts\/150749\/revisions"}],"wp:featuredmedia":[{"embeddable":true,"href":"https:\/\/migracao.redenoticia.com.br\/noticia\/wp-json\/wp\/v2\/media\/148668"}],"wp:attachment":[{"href":"https:\/\/migracao.redenoticia.com.br\/noticia\/wp-json\/wp\/v2\/media?parent=150749"}],"wp:term":[{"taxonomy":"category","embeddable":true,"href":"https:\/\/migracao.redenoticia.com.br\/noticia\/wp-json\/wp\/v2\/categories?post=150749"},{"taxonomy":"post_tag","embeddable":true,"href":"https:\/\/migracao.redenoticia.com.br\/noticia\/wp-json\/wp\/v2\/tags?post=150749"}],"curies":[{"name":"wp","href":"https:\/\/api.w.org\/{rel}","templated":true}]}}