{"id":150799,"date":"2018-09-19T00:12:56","date_gmt":"2018-09-19T03:12:56","guid":{"rendered":"https:\/\/www.redenoticia.com.br\/noticia\/?p=150799"},"modified":"2018-09-19T00:15:09","modified_gmt":"2018-09-19T03:15:09","slug":"a-fazenda-2018","status":"publish","type":"post","link":"https:\/\/migracao.redenoticia.com.br\/noticia\/2018\/a-fazenda-2018\/150799","title":{"rendered":"&#8220;A Fazenda&#8221; 10 (2018): primeiro fazendeiro da temporada"},"content":{"rendered":"<p><img loading=\"lazy\" decoding=\"async\" class=\"alignleft size-thumbnail wp-image-150802\" src=\"https:\/\/migracao.redenoticia.com.br\/noticia\/imagens\/a-fazenda-10-conectada-mion-record-1-150x112.jpg\" alt=\"\" width=\"150\" height=\"112\" srcset=\"https:\/\/migracao.redenoticia.com.br\/noticia\/imagens\/a-fazenda-10-conectada-mion-record-1-150x112.jpg 150w, https:\/\/migracao.redenoticia.com.br\/noticia\/imagens\/a-fazenda-10-conectada-mion-record-1-265x198.jpg 265w\" sizes=\"auto, (max-width: 150px) 100vw, 150px\" \/><strong><em>&#8220;A Fazenda&#8221; 10 (2018) Mais Conectada<\/em><\/strong>: esta temporada do reality &#8220;A Fazenda&#8221; 10 (2018) recebeu o subt\u00edtulo de Mais Conectada. A Record anunciou que usou as redes sociais para escolher os participantes: Alo\u00edsio Chulapa; Ana Paula Renault; Ca\u00edque Aguiar; C\u00e1tia Paganote; Evandro Santo; Felipe Sertanejo; Fernanda Lacerda; Gabi Prado; Jo\u00e3o Zoli; Leo Stronda; Luane Dias; Nadja Pessoa; Perlla; Rafael Ilha; Sandro Pedroso; Vida Vlatt.<\/p>\n<p>No programa de 18\/09, C\u00e1tia Paganote venceu uma disputa de verdades e mentiras. Ela pode escolher a sua cama, mas teve que indicar dois pe\u00f5es para a Baia: Jo\u00e3o Zoli e Felipe Sertanejo. As equipes foram formadas ap\u00f3s uma prova de escolhas entre os participantes:<\/p>\n<p>Equipe \u00c1gua &#8211; Leo Stronda; Ca\u00edque Aguiar; Gabi Prado; Fernanda Lacerda; Perlla; Ana Paula Renault; Nadja Pessoa; Luane Dias.<\/p>\n<p>Equipe Terra &#8211; Rafael Ilha; Alo\u00edsio Chulapa; Evandro Santo; Vida Vlatt; Felipe Sertanejo; C\u00e1tia Paganote; Jo\u00e3o Zoli; Sandro Pedroso. <\/p>\n<p>Luane Dias e Sandro Pedroso, os \u00faltimos escolhidos de cada equipe, disputaram o chap\u00e9u de Fazendeiro da Semana. Eles abriram caixas para encontrarem as letras da palavra Fazendeiro. Sandro Pedroso venceu a prova e conquistou o primeiro cargo de fazendeiro da semana. <\/p>\n<p>Durante a din\u00e2mica, ficou definido: na forma\u00e7\u00e3o da ro\u00e7a, Leo Stronda vai indicar um pe\u00e3o da sua equipe; Luane Dias deu um carro para Ana Paula; <\/p>\n<p>&#8212;<br \/>\nA produ\u00e7\u00e3o da Record junto com a produtora Cygnus estabeleceu o calend\u00e1rio de trabalhos desta temporada de &#8220;A Fazenda&#8221;: a atra\u00e7\u00e3o come\u00e7ar\u00e1 a semana com a Forma\u00e7\u00e3o da Ro\u00e7a, na qual um roceiro ser\u00e1 indicado pelo Fazendeiro, o segundo pelo participante mais votado da sede e o terceiro, escolhido pela segunda pessoa que estiver na ro\u00e7a, que ter\u00e1 o direito de indicar algu\u00e9m da Baia.<\/p>\n<p>No lugar da Prova da Chave, entra a Prova do Fogo, na qual o vencedor adquire poderes especiais para si e para um outro pe\u00e3o.<\/p>\n<p>Na ter\u00e7a-feira, ser\u00e1 o dia da Prova do Fazendeiro, na qual os tr\u00eas roceiros entram na disputa. O Fazendeiro dar\u00e1 as ordens na casa, ganha imunidade por mais uma semana, escapa da Ro\u00e7a e ainda indica um pe\u00e3o na semana seguinte.<\/p>\n<p>Na quarta, ser\u00e3o exibidos os Melhores Momentos do dia, enquanto a quinta-feira ser\u00e1 dia de Elimina\u00e7\u00e3o. Sextas-feiras ter\u00e3o a Prova de Fogo com os membros indicados de cada grupo, no s\u00e1bado eles se divertem na Festa e no domingo, haver\u00e1 uma Atividade Especial. <\/p>\n<p>&#8220;A Fazenda&#8221; Record<\/p>\n","protected":false},"excerpt":{"rendered":"<p>&#8220;A Fazenda&#8221; 10 (2018) Mais Conectada: esta temporada do reality &#8220;A Fazenda&#8221; 10 (2018) recebeu o subt\u00edtulo de Mais Conectada. A Record anunciou que usou as redes sociais para escolher os participantes: Alo\u00edsio Chulapa; Ana Paula Renault; Ca\u00edque Aguiar; C\u00e1tia Paganote; Evandro Santo; Felipe Sertanejo; Fernanda Lacerda; Gabi Prado; Jo\u00e3o Zoli; Leo Stronda; Luane Dias; [&hellip;]<\/p>\n","protected":false},"author":2,"featured_media":150800,"comment_status":"open","ping_status":"closed","sticky":false,"template":"","format":"standard","meta":{"tdm_status":"","tdm_grid_status":"","footnotes":""},"categories":[406,388,371,343],"tags":[523],"class_list":{"0":"post-150799","1":"post","2":"type-post","3":"status-publish","4":"format-standard","5":"has-post-thumbnail","7":"category-a-fazenda","8":"category-destaques","9":"category-rede-record","10":"category-televisao","11":"tag-variedades"},"_links":{"self":[{"href":"https:\/\/migracao.redenoticia.com.br\/noticia\/wp-json\/wp\/v2\/posts\/150799","targetHints":{"allow":["GET"]}}],"collection":[{"href":"https:\/\/migracao.redenoticia.com.br\/noticia\/wp-json\/wp\/v2\/posts"}],"about":[{"href":"https:\/\/migracao.redenoticia.com.br\/noticia\/wp-json\/wp\/v2\/types\/post"}],"author":[{"embeddable":true,"href":"https:\/\/migracao.redenoticia.com.br\/noticia\/wp-json\/wp\/v2\/users\/2"}],"replies":[{"embeddable":true,"href":"https:\/\/migracao.redenoticia.com.br\/noticia\/wp-json\/wp\/v2\/comments?post=150799"}],"version-history":[{"count":0,"href":"https:\/\/migracao.redenoticia.com.br\/noticia\/wp-json\/wp\/v2\/posts\/150799\/revisions"}],"wp:featuredmedia":[{"embeddable":true,"href":"https:\/\/migracao.redenoticia.com.br\/noticia\/wp-json\/wp\/v2\/media\/150800"}],"wp:attachment":[{"href":"https:\/\/migracao.redenoticia.com.br\/noticia\/wp-json\/wp\/v2\/media?parent=150799"}],"wp:term":[{"taxonomy":"category","embeddable":true,"href":"https:\/\/migracao.redenoticia.com.br\/noticia\/wp-json\/wp\/v2\/categories?post=150799"},{"taxonomy":"post_tag","embeddable":true,"href":"https:\/\/migracao.redenoticia.com.br\/noticia\/wp-json\/wp\/v2\/tags?post=150799"}],"curies":[{"name":"wp","href":"https:\/\/api.w.org\/{rel}","templated":true}]}}