{"id":15089,"date":"2009-10-23T15:43:03","date_gmt":"2009-10-23T19:43:03","guid":{"rendered":"http:\/\/www.redenoticia.com.br\/noticia\/?p=15089"},"modified":"2009-10-23T15:43:03","modified_gmt":"2009-10-23T19:43:03","slug":"tv-cultura-exibe-ao-vivo-roma-e-livorno-pelo-campeonato-italiano","status":"publish","type":"post","link":"https:\/\/migracao.redenoticia.com.br\/noticia\/2009\/tv-cultura-exibe-ao-vivo-roma-e-livorno-pelo-campeonato-italiano\/15089","title":{"rendered":"TV Cultura exibe ao vivo Roma e Livorno pelo campeonato italiano"},"content":{"rendered":"<p>Neste domingo (25\/10), \u00e0s 12h, o Est\u00e1dio Ol\u00edmpico recebe duas equipes que buscam reabilita\u00e7\u00e3o no <strong>Campeonato Italiano<\/strong> e a <strong>TV Cultura<\/strong> exibe tudo ao vivo. A Roma, recheada de brasileiros, quer voltar a vencer para entrar na briga pelo scudetto, que n\u00e3o conquista desde a temporada 2000-2001, e enfrenta o Livorno, lanterna da competi\u00e7\u00e3o e o \u00fanico que ainda n\u00e3o ganhou sequer uma partida na Liga.<\/p>\n<p>Na \u00faltima rodada, a Roma perdeu fora de casa por 2 a 1 para um Milan em crise, com atua\u00e7\u00e3o de destaque dos brasileiros Ronaldinho, Alexandre Pato e Dida. Com apenas 11 pontos, o clube da capital italiana, apontado como um dos favoritos antes de a bola rolar, se encontra na modesta 11\u00aa coloca\u00e7\u00e3o, bem atr\u00e1s da l\u00edder Inter de Mil\u00e3o, que j\u00e1 soma 19 pontos.<\/p>\n<p>J\u00e1 o Livorno tem a dura tarefa de conseguir sua primeira vit\u00f3ria no torneio e deposita todas as esperan\u00e7as no lend\u00e1rio centroavante Cristiano Lucarelli, um dos maiores jogadores da hist\u00f3ria do clube. Na \u00faltima coloca\u00e7\u00e3o, o elenco gren\u00e1 soma apenas tr\u00eas pontos e na rodada anterior n\u00e3o conseguiu segurar o embalado Palermo, mesmo jogando em casa. Perdeu por 2 a 1.<\/p>\n<p>Machucado, Totti ser\u00e1 o grande desfalque da Roma, dirigida por Claudio Ranieri. O lateral brasileiro Cicinho tamb\u00e9m n\u00e3o deve ser relacionado, pois ainda se recupera de uma s\u00e9ria les\u00e3o e voltou a ser escalado h\u00e1 poucas rodadas. Marco Cassetti deve ser o titular da posi\u00e7\u00e3o para o confronto.<\/p>\n","protected":false},"excerpt":{"rendered":"<p>Neste domingo (25\/10), \u00e0s 12h, o Est\u00e1dio Ol\u00edmpico recebe duas equipes que buscam reabilita\u00e7\u00e3o no Campeonato Italiano e a TV Cultura exibe tudo ao vivo. A Roma, recheada de brasileiros, quer voltar a vencer para entrar na briga pelo scudetto, que n\u00e3o conquista desde a temporada 2000-2001, e enfrenta o Livorno, lanterna da competi\u00e7\u00e3o e [&hellip;]<\/p>\n","protected":false},"author":3,"featured_media":0,"comment_status":"open","ping_status":"open","sticky":false,"template":"","format":"standard","meta":{"tdm_status":"","tdm_grid_status":"","footnotes":""},"categories":[343],"tags":[],"class_list":{"0":"post-15089","1":"post","2":"type-post","3":"status-publish","4":"format-standard","6":"category-televisao"},"_links":{"self":[{"href":"https:\/\/migracao.redenoticia.com.br\/noticia\/wp-json\/wp\/v2\/posts\/15089","targetHints":{"allow":["GET"]}}],"collection":[{"href":"https:\/\/migracao.redenoticia.com.br\/noticia\/wp-json\/wp\/v2\/posts"}],"about":[{"href":"https:\/\/migracao.redenoticia.com.br\/noticia\/wp-json\/wp\/v2\/types\/post"}],"author":[{"embeddable":true,"href":"https:\/\/migracao.redenoticia.com.br\/noticia\/wp-json\/wp\/v2\/users\/3"}],"replies":[{"embeddable":true,"href":"https:\/\/migracao.redenoticia.com.br\/noticia\/wp-json\/wp\/v2\/comments?post=15089"}],"version-history":[{"count":0,"href":"https:\/\/migracao.redenoticia.com.br\/noticia\/wp-json\/wp\/v2\/posts\/15089\/revisions"}],"wp:attachment":[{"href":"https:\/\/migracao.redenoticia.com.br\/noticia\/wp-json\/wp\/v2\/media?parent=15089"}],"wp:term":[{"taxonomy":"category","embeddable":true,"href":"https:\/\/migracao.redenoticia.com.br\/noticia\/wp-json\/wp\/v2\/categories?post=15089"},{"taxonomy":"post_tag","embeddable":true,"href":"https:\/\/migracao.redenoticia.com.br\/noticia\/wp-json\/wp\/v2\/tags?post=15089"}],"curies":[{"name":"wp","href":"https:\/\/api.w.org\/{rel}","templated":true}]}}