{"id":15093,"date":"2009-10-23T15:49:11","date_gmt":"2009-10-23T19:49:11","guid":{"rendered":"http:\/\/www.redenoticia.com.br\/noticia\/?p=15093"},"modified":"2009-10-23T15:49:11","modified_gmt":"2009-10-23T19:49:11","slug":"record-news-edu-guedes-recebe-diretor-geral-da-royal-caribbean-no-receita-pra-dois-desde-sabado","status":"publish","type":"post","link":"https:\/\/migracao.redenoticia.com.br\/noticia\/2009\/record-news-edu-guedes-recebe-diretor-geral-da-royal-caribbean-no-receita-pra-dois-desde-sabado\/15093","title":{"rendered":"Record News: Edu Guedes recebe diretor geral da Royal Caribbean no receita pra dois desde s\u00e1bado"},"content":{"rendered":"<p><strong>Edu Guedes<\/strong> recebe <strong>Ricardo Amaral<\/strong>, diretor-geral da <strong>Royal Caribbean<\/strong>, uma das maiores empresas de cruzeiros mar\u00edtimos do mundo, no <strong>Receita Pra Dois<\/strong> deste s\u00e1bado (24\/10).<\/p>\n<p>A conversa, portanto, regada a um bom vinho Pinot Grigio, um pedido do convidado, acabou se voltando para este mercado, que tem crescido muito no Brasil. Segundo Amaral, durante a temporada 2009\/2010 cerca de 850 brasileiros devem viajar em cruzeiros.<\/p>\n<p>Edu Guedes diz que j\u00e1 participou de cruzeiro por duas vezes. &#8220;Acho que \u00e9 uma solu\u00e7\u00e3o interessante para quem precisa se programar e n\u00e3o quer ter surpresas durante a viagem&#8221;, diz o apresentador.<\/p>\n<p>Durante o encontro, Edu Guedes preparou um badejo com molho de mostarda e um sufl\u00ea de mandioquinha. Um prato simples, mas cujo tempero proporciona um sabor surpreendente.<\/p>\n<p>O programa<\/p>\n<p>Receita Pra Dois estreou dia 2 de maio, na Record News.<br \/>\nNa noite de s\u00e1bado, Eduardo Guedes recebe um convidado para um bate-papo em sua cozinha. A conversa informal aborda v\u00e1rios temas: vida pessoal, carreira, curiosidades, e claro, a gastronomia, vinhos e outras bebidas. Al\u00e9m disso, como o nome do programa sugere, durante a entrevista Edu prepara uma receita para duas pessoas.<\/p>\n<p>O Receita para Dois vai ao ar aos s\u00e1bados, \u00e0s 22h.<\/p>\n<p>O programa tamb\u00e9m \u00e9 reprisado aos domingo, \u00e0s 17 horas, em S\u00e3o Paulo, a Record News \u00e9 sintonizada pelo canal 42 UHF, 55 TVA Digital e 93 Net Digital. No Rio de Janeiro, no canal 52 UHF, 55 TVA Digital e 93 Net Digital. Em Bras\u00edlia, no 46 UHF. Em outras cidades, a cobertura depende da operadora local.<\/p>\n","protected":false},"excerpt":{"rendered":"<p>Edu Guedes recebe Ricardo Amaral, diretor-geral da Royal Caribbean, uma das maiores empresas de cruzeiros mar\u00edtimos do mundo, no Receita Pra Dois deste s\u00e1bado (24\/10). A conversa, portanto, regada a um bom vinho Pinot Grigio, um pedido do convidado, acabou se voltando para este mercado, que tem crescido muito no Brasil. Segundo Amaral, durante a [&hellip;]<\/p>\n","protected":false},"author":3,"featured_media":0,"comment_status":"open","ping_status":"open","sticky":false,"template":"","format":"standard","meta":{"tdm_status":"","tdm_grid_status":"","footnotes":""},"categories":[371,343],"tags":[],"class_list":{"0":"post-15093","1":"post","2":"type-post","3":"status-publish","4":"format-standard","6":"category-rede-record","7":"category-televisao"},"_links":{"self":[{"href":"https:\/\/migracao.redenoticia.com.br\/noticia\/wp-json\/wp\/v2\/posts\/15093","targetHints":{"allow":["GET"]}}],"collection":[{"href":"https:\/\/migracao.redenoticia.com.br\/noticia\/wp-json\/wp\/v2\/posts"}],"about":[{"href":"https:\/\/migracao.redenoticia.com.br\/noticia\/wp-json\/wp\/v2\/types\/post"}],"author":[{"embeddable":true,"href":"https:\/\/migracao.redenoticia.com.br\/noticia\/wp-json\/wp\/v2\/users\/3"}],"replies":[{"embeddable":true,"href":"https:\/\/migracao.redenoticia.com.br\/noticia\/wp-json\/wp\/v2\/comments?post=15093"}],"version-history":[{"count":0,"href":"https:\/\/migracao.redenoticia.com.br\/noticia\/wp-json\/wp\/v2\/posts\/15093\/revisions"}],"wp:attachment":[{"href":"https:\/\/migracao.redenoticia.com.br\/noticia\/wp-json\/wp\/v2\/media?parent=15093"}],"wp:term":[{"taxonomy":"category","embeddable":true,"href":"https:\/\/migracao.redenoticia.com.br\/noticia\/wp-json\/wp\/v2\/categories?post=15093"},{"taxonomy":"post_tag","embeddable":true,"href":"https:\/\/migracao.redenoticia.com.br\/noticia\/wp-json\/wp\/v2\/tags?post=15093"}],"curies":[{"name":"wp","href":"https:\/\/api.w.org\/{rel}","templated":true}]}}