{"id":150933,"date":"2018-09-04T23:52:37","date_gmt":"2018-09-05T02:52:37","guid":{"rendered":"https:\/\/www.redenoticia.com.br\/noticia\/?p=150933"},"modified":"2018-09-04T23:52:37","modified_gmt":"2018-09-05T02:52:37","slug":"concurso-sefaz-rs-e-cespe-unb-vagas-para-tecnico-tributario","status":"publish","type":"post","link":"https:\/\/migracao.redenoticia.com.br\/noticia\/2018\/concurso-sefaz-rs-e-cespe-unb-vagas-para-tecnico-tributario\/150933","title":{"rendered":"Concurso SEFAZ\/RS e Cespe\/UnB: vagas para T\u00e9cnico Tribut\u00e1rio"},"content":{"rendered":"<p> <strong><em>Concurso SEFAZ\/RS e Cespe\/UnB:<\/em><\/strong> A Secretaria da Fazenda do Estado do Rio Grande do Sul (SEFAZ\/RS) lan\u00e7ou novo concurso p\u00fablico, com 50 vagas para o cargo de T\u00e9cnico Tribut\u00e1rio da Receita Estadual. As inscri\u00e7\u00f5es estar\u00e3o abertas entre 10 e 24 de setembro. Os interessados podem confirmar a participa\u00e7\u00e3o pelo\u00a0link\u00a0. A taxa \u00e9 de R$ 187,77.<\/p>\n<p>Das 50 vagas oferecidas no concurso, 37 s\u00e3o destinadas para ampla concorr\u00eancia, 5 s\u00e3o reservadas para candidatos com defici\u00eancia e 8 s\u00e3o para candidatos negros e pardos. Os candidatos ao cargo devem possuir diploma de conclus\u00e3o de curso de n\u00edvel superior em qualquer \u00e1rea de forma\u00e7\u00e3o. A remunera\u00e7\u00e3o aproximada \u00e9 de R$ 9.300,00 (composta de parcela fixa, acrescida de Pr\u00eamio de Produtividade e Efici\u00eancia), para uma jornada de trabalho de 40 horas semanais.<\/p>\n<p>CRONOGRAMA\u00a0\u2013 As provas objetivas ser\u00e3o aplicadas na data prov\u00e1vel de 2 de dezembro para todos os candidatos, na cidade de Porto Alegre (RS).<\/p>\n<p>SERVI\u00c7O<br \/>\nConcurso:\u00a0Secretaria da Fazenda o Rio Grande do Sul (SEFAZ\/RS)<br \/>\nCargo:\u00a0T\u00e9cnico Tribut\u00e1rio da Receita Estadual<br \/>\nVagas:\u00a050<br \/>\nRemunera\u00e7\u00e3o:\u00a0R$ 9.300,00<br \/>\nInscri\u00e7\u00f5es:\u00a0entre 10 e 24 de setembro<br \/>\nTaxa:\u00a0R$ 187,77<br \/>\nProvas objetivas:\u00a02 de dezembro<\/p>\n<p>CONTATO<br \/>\nOutras informa\u00e7\u00f5es no\u00a0site\u00a0\u00a0ou na Central de Atendimento do Cebraspe, de segunda a sexta, das 8h \u00e0s 19h \u2013\u00a0Campus\u00a0Universit\u00e1rio Darcy Ribeiro, Sede do Cebraspe \u2013 (61) 3448 0100.<\/p>\n","protected":false},"excerpt":{"rendered":"<p>Concurso SEFAZ\/RS e Cespe\/UnB: A Secretaria da Fazenda do Estado do Rio Grande do Sul (SEFAZ\/RS) lan\u00e7ou novo concurso p\u00fablico, com 50 vagas para o cargo de T\u00e9cnico Tribut\u00e1rio da Receita Estadual. As inscri\u00e7\u00f5es estar\u00e3o abertas entre 10 e 24 de setembro. Os interessados podem confirmar a participa\u00e7\u00e3o pelo\u00a0link\u00a0. A taxa \u00e9 de R$ 187,77. [&hellip;]<\/p>\n","protected":false},"author":2,"featured_media":148258,"comment_status":"open","ping_status":"closed","sticky":false,"template":"","format":"standard","meta":{"tdm_status":"","tdm_grid_status":"","footnotes":""},"categories":[352,388,370],"tags":[],"class_list":{"0":"post-150933","1":"post","2":"type-post","3":"status-publish","4":"format-standard","5":"has-post-thumbnail","7":"category-concursos","8":"category-destaques","9":"category-inscricao"},"_links":{"self":[{"href":"https:\/\/migracao.redenoticia.com.br\/noticia\/wp-json\/wp\/v2\/posts\/150933","targetHints":{"allow":["GET"]}}],"collection":[{"href":"https:\/\/migracao.redenoticia.com.br\/noticia\/wp-json\/wp\/v2\/posts"}],"about":[{"href":"https:\/\/migracao.redenoticia.com.br\/noticia\/wp-json\/wp\/v2\/types\/post"}],"author":[{"embeddable":true,"href":"https:\/\/migracao.redenoticia.com.br\/noticia\/wp-json\/wp\/v2\/users\/2"}],"replies":[{"embeddable":true,"href":"https:\/\/migracao.redenoticia.com.br\/noticia\/wp-json\/wp\/v2\/comments?post=150933"}],"version-history":[{"count":0,"href":"https:\/\/migracao.redenoticia.com.br\/noticia\/wp-json\/wp\/v2\/posts\/150933\/revisions"}],"wp:featuredmedia":[{"embeddable":true,"href":"https:\/\/migracao.redenoticia.com.br\/noticia\/wp-json\/wp\/v2\/media\/148258"}],"wp:attachment":[{"href":"https:\/\/migracao.redenoticia.com.br\/noticia\/wp-json\/wp\/v2\/media?parent=150933"}],"wp:term":[{"taxonomy":"category","embeddable":true,"href":"https:\/\/migracao.redenoticia.com.br\/noticia\/wp-json\/wp\/v2\/categories?post=150933"},{"taxonomy":"post_tag","embeddable":true,"href":"https:\/\/migracao.redenoticia.com.br\/noticia\/wp-json\/wp\/v2\/tags?post=150933"}],"curies":[{"name":"wp","href":"https:\/\/api.w.org\/{rel}","templated":true}]}}