{"id":150934,"date":"2018-09-04T23:53:20","date_gmt":"2018-09-05T02:53:20","guid":{"rendered":"https:\/\/www.redenoticia.com.br\/noticia\/?p=150934"},"modified":"2018-09-04T23:53:20","modified_gmt":"2018-09-05T02:53:20","slug":"concurso-sefaz-rs-e-cespe-unb-vagas-para-assistentes-administrativos","status":"publish","type":"post","link":"https:\/\/migracao.redenoticia.com.br\/noticia\/2018\/concurso-sefaz-rs-e-cespe-unb-vagas-para-assistentes-administrativos\/150934","title":{"rendered":"Concurso SEFAZ\/RS e Cespe\/UnB: vagas para Assistentes Administrativos"},"content":{"rendered":"<p> <strong><em>Concurso SEFAZ\/RS e Cespe\/UnB:<\/em><\/strong> A Secretaria da Fazenda o Rio Grande do Sul (SEFAZ\/RS) divulgou edital de concurso p\u00fablico para o cargo de Assistente Administrativo Fazend\u00e1rio, ofertando 50 vagas no total. Os candidatos ao cargo devem possuir diploma de conclus\u00e3o do ensino m\u00e9dio (antigo segundo grau) ou curso t\u00e9cnico equivalente. A remunera\u00e7\u00e3o \u00e9 de R$ 3.040,00, composta do vencimento b\u00e1sico mensal acrescido de Gratifica\u00e7\u00e3o Fazend\u00e1ria de acordo com a legisla\u00e7\u00e3o vigente. A jornada de trabalho \u00e9 de 40 horas semanais.<\/p>\n<p>Os interessados poder\u00e3o se inscrever entre os dias 12 e 26 de setembro, pelo\u00a0link\u00a0disponibilizado na p\u00e1gina\u00a0. A taxa de inscri\u00e7\u00e3o \u00e9 de R$ 82,35.<\/p>\n<p>Os candidatos ser\u00e3o avaliados por meio de prova objetiva, que ser\u00e1 aplicada na data prov\u00e1vel de 1\u00ba de dezembro para todos os candidatos, na cidade de Porto Alegre (RS).<\/p>\n<p>SERVI\u00c7O<br \/>\nConcurso:\u00a0Secretaria da Fazenda o Rio Grande do Sul (SEFAZ\/RS)<br \/>\nCargo:\u00a0Assistente Administrativo Fazend\u00e1rio<br \/>\nVagas:\u00a050<br \/>\nRemunera\u00e7\u00e3o:\u00a0R$ 3.040,00<br \/>\nInscri\u00e7\u00f5es:\u00a0entre 12 e 26 de setembro<br \/>\nTaxa:\u00a0R$ 82,35<br \/>\nProva objetiva:\u00a01\u00ba de dezembro<\/p>\n<p>CONTATO<br \/>\nOutras informa\u00e7\u00f5es no\u00a0site\u00a0\u00a0ou na Central de Atendimento do Cebraspe, de segunda a sexta, das 8h \u00e0s 19h \u2013\u00a0Campus\u00a0Universit\u00e1rio Darcy Ribeiro, Sede do Cebraspe \u2013 (61) 3448 0100.<\/p>\n","protected":false},"excerpt":{"rendered":"<p>Concurso SEFAZ\/RS e Cespe\/UnB: A Secretaria da Fazenda o Rio Grande do Sul (SEFAZ\/RS) divulgou edital de concurso p\u00fablico para o cargo de Assistente Administrativo Fazend\u00e1rio, ofertando 50 vagas no total. Os candidatos ao cargo devem possuir diploma de conclus\u00e3o do ensino m\u00e9dio (antigo segundo grau) ou curso t\u00e9cnico equivalente. A remunera\u00e7\u00e3o \u00e9 de R$ [&hellip;]<\/p>\n","protected":false},"author":2,"featured_media":148263,"comment_status":"open","ping_status":"closed","sticky":false,"template":"","format":"standard","meta":{"tdm_status":"","tdm_grid_status":"","footnotes":""},"categories":[352,388,370],"tags":[],"class_list":{"0":"post-150934","1":"post","2":"type-post","3":"status-publish","4":"format-standard","5":"has-post-thumbnail","7":"category-concursos","8":"category-destaques","9":"category-inscricao"},"_links":{"self":[{"href":"https:\/\/migracao.redenoticia.com.br\/noticia\/wp-json\/wp\/v2\/posts\/150934","targetHints":{"allow":["GET"]}}],"collection":[{"href":"https:\/\/migracao.redenoticia.com.br\/noticia\/wp-json\/wp\/v2\/posts"}],"about":[{"href":"https:\/\/migracao.redenoticia.com.br\/noticia\/wp-json\/wp\/v2\/types\/post"}],"author":[{"embeddable":true,"href":"https:\/\/migracao.redenoticia.com.br\/noticia\/wp-json\/wp\/v2\/users\/2"}],"replies":[{"embeddable":true,"href":"https:\/\/migracao.redenoticia.com.br\/noticia\/wp-json\/wp\/v2\/comments?post=150934"}],"version-history":[{"count":0,"href":"https:\/\/migracao.redenoticia.com.br\/noticia\/wp-json\/wp\/v2\/posts\/150934\/revisions"}],"wp:featuredmedia":[{"embeddable":true,"href":"https:\/\/migracao.redenoticia.com.br\/noticia\/wp-json\/wp\/v2\/media\/148263"}],"wp:attachment":[{"href":"https:\/\/migracao.redenoticia.com.br\/noticia\/wp-json\/wp\/v2\/media?parent=150934"}],"wp:term":[{"taxonomy":"category","embeddable":true,"href":"https:\/\/migracao.redenoticia.com.br\/noticia\/wp-json\/wp\/v2\/categories?post=150934"},{"taxonomy":"post_tag","embeddable":true,"href":"https:\/\/migracao.redenoticia.com.br\/noticia\/wp-json\/wp\/v2\/tags?post=150934"}],"curies":[{"name":"wp","href":"https:\/\/api.w.org\/{rel}","templated":true}]}}