{"id":150938,"date":"2018-09-04T23:58:51","date_gmt":"2018-09-05T02:58:51","guid":{"rendered":"https:\/\/www.redenoticia.com.br\/noticia\/?p=150938"},"modified":"2018-09-04T23:58:51","modified_gmt":"2018-09-05T02:58:51","slug":"producao-industrial-cai-02-de-junho-para-julho","status":"publish","type":"post","link":"https:\/\/migracao.redenoticia.com.br\/noticia\/2018\/producao-industrial-cai-02-de-junho-para-julho\/150938","title":{"rendered":"Produ\u00e7\u00e3o industrial cai 0,2% de junho para julho"},"content":{"rendered":"<p> A produ\u00e7\u00e3o industrial brasileira recuou 0,2% na passagem de junho para julho, segundo dados da <strong><em>Produ\u00e7\u00e3o Industrial Mensal<\/em><\/strong> divulgados no Rio de Janeiro, pelo Instituto Brasileiro de Geografia e Estat\u00edstica (IBGE). A queda veio depois de uma alta de 12,9% na passagem de maio para junho.<\/p>\n<p>A ind\u00fastria nacional cresceu 4% na compara\u00e7\u00e3o com julho de 2018, 2,5% no acumulado do ano e 3,2% no acumulado de 12 meses.<\/p>\n<p>Apesar da queda na m\u00e9dia, 16 dos 26 ramos industriais pesquisados tiveram alta de junho para julho, com destaque para outros produtos qu\u00edmicos (4,3%), outros equipamentos de transporte (16,7%), m\u00e1quinas e equipamentos (2,9%) e coque, produtos derivados do petr\u00f3leo e biocombust\u00edveis (1%).<\/p>\n<p>Dez atividades industriais foram respons\u00e1veis pela queda da ind\u00fastria, entre elas, ve\u00edculos automotores, reboques e carrocerias (-4,5%), produtos aliment\u00edcios (-1,7%), equipamentos de inform\u00e1tica, produtos eletr\u00f4nicos e \u00f3pticos (-7,2%), produtos de minerais n\u00e3o met\u00e1licos (-3,0%) e couro, artigos para viagem e cal\u00e7ados (-5,4%).<\/p>\n<p>Entre as quatro grandes categorias econ\u00f4micas, tr\u00eas tiveram queda, com destaque para bens de capital, isto \u00e9, m\u00e1quinas e equipamentos (-6,2%).<\/p>\n<p>Tamb\u00e9m tiveram queda os bens de consumo dur\u00e1veis (-0,4%) e os bens de consumo semi e n\u00e3o dur\u00e1veis (-0,5%). Os bens intermedi\u00e1rios, isto \u00e9, os insumos industrializados usados no setor produtivo, avan\u00e7aram 1%. <\/p>\n<p>Vitor Abdala &#8211; Rep\u00f3rter da Ag\u00eancia Brasil<br \/>\nEdi\u00e7\u00e3o: Kleber Sampaio<br \/>\n05\/09\/2018<\/p>\n","protected":false},"excerpt":{"rendered":"<p>A produ\u00e7\u00e3o industrial brasileira recuou 0,2% na passagem de junho para julho, segundo dados da Produ\u00e7\u00e3o Industrial Mensal divulgados no Rio de Janeiro, pelo Instituto Brasileiro de Geografia e Estat\u00edstica (IBGE). A queda veio depois de uma alta de 12,9% na passagem de maio para junho. A ind\u00fastria nacional cresceu 4% na compara\u00e7\u00e3o com julho [&hellip;]<\/p>\n","protected":false},"author":2,"featured_media":148306,"comment_status":"open","ping_status":"closed","sticky":false,"template":"","format":"standard","meta":{"tdm_status":"","tdm_grid_status":"","footnotes":""},"categories":[22,7],"tags":[],"class_list":{"0":"post-150938","1":"post","2":"type-post","3":"status-publish","4":"format-standard","5":"has-post-thumbnail","7":"category-brasil","8":"category-economia"},"_links":{"self":[{"href":"https:\/\/migracao.redenoticia.com.br\/noticia\/wp-json\/wp\/v2\/posts\/150938","targetHints":{"allow":["GET"]}}],"collection":[{"href":"https:\/\/migracao.redenoticia.com.br\/noticia\/wp-json\/wp\/v2\/posts"}],"about":[{"href":"https:\/\/migracao.redenoticia.com.br\/noticia\/wp-json\/wp\/v2\/types\/post"}],"author":[{"embeddable":true,"href":"https:\/\/migracao.redenoticia.com.br\/noticia\/wp-json\/wp\/v2\/users\/2"}],"replies":[{"embeddable":true,"href":"https:\/\/migracao.redenoticia.com.br\/noticia\/wp-json\/wp\/v2\/comments?post=150938"}],"version-history":[{"count":0,"href":"https:\/\/migracao.redenoticia.com.br\/noticia\/wp-json\/wp\/v2\/posts\/150938\/revisions"}],"wp:featuredmedia":[{"embeddable":true,"href":"https:\/\/migracao.redenoticia.com.br\/noticia\/wp-json\/wp\/v2\/media\/148306"}],"wp:attachment":[{"href":"https:\/\/migracao.redenoticia.com.br\/noticia\/wp-json\/wp\/v2\/media?parent=150938"}],"wp:term":[{"taxonomy":"category","embeddable":true,"href":"https:\/\/migracao.redenoticia.com.br\/noticia\/wp-json\/wp\/v2\/categories?post=150938"},{"taxonomy":"post_tag","embeddable":true,"href":"https:\/\/migracao.redenoticia.com.br\/noticia\/wp-json\/wp\/v2\/tags?post=150938"}],"curies":[{"name":"wp","href":"https:\/\/api.w.org\/{rel}","templated":true}]}}