{"id":150944,"date":"2018-09-05T00:01:20","date_gmt":"2018-09-05T03:01:20","guid":{"rendered":"https:\/\/www.redenoticia.com.br\/noticia\/?p=150944"},"modified":"2018-09-06T16:55:25","modified_gmt":"2018-09-06T19:55:25","slug":"novela-essas-mulheres-resumo-06-09-augusto-vai-ao-encontro-de-mila","status":"publish","type":"post","link":"https:\/\/migracao.redenoticia.com.br\/noticia\/2018\/novela-essas-mulheres-resumo-06-09-augusto-vai-ao-encontro-de-mila\/150944","title":{"rendered":"Novela \u201cEssas Mulheres\u201d resumo 06\/09: Em\u00edlia esconde a carta de Lemos na gaveta"},"content":{"rendered":"<p> <img loading=\"lazy\" decoding=\"async\" src=\"https:\/\/migracao.redenoticia.com.br\/noticia\/imagens\/essas-mulheres-resumo-novela-150x112.jpg\" alt=\"\" width=\"150\" height=\"112\" class=\"alignleft size-thumbnail wp-image-148140\" srcset=\"https:\/\/migracao.redenoticia.com.br\/noticia\/imagens\/essas-mulheres-resumo-novela-150x112.jpg 150w, https:\/\/migracao.redenoticia.com.br\/noticia\/imagens\/essas-mulheres-resumo-novela-265x198.jpg 265w, https:\/\/migracao.redenoticia.com.br\/noticia\/imagens\/essas-mulheres-resumo-novela-485x360.jpg 485w\" sizes=\"auto, (max-width: 150px) 100vw, 150px\" \/><em><strong>Novela \u201cEssas Mulheres\u201d resumo 06\/09<\/strong><\/em>: no capitulo 029 (*) da novela \u201cEssas Mulheres\u201d, quinta-feira, 06 de setembro, Raimunda conta para Dr. Augusto que Mila foi internada. Torquato apresenta Geraldo para Augusto e pede para que ele trate da sa\u00fade de Mila. Paulo reencontra seu amigo Alfredo. L\u00facia e Cunha se preparam para ir a confeitaria. Damiana recebe mensagem de Lemos para Aur\u00e9lia. Em\u00edlia l\u00ea a carta de Lemos e passa mal. Dr. Augusto visita Leoc\u00e1dia para falar de Mila. Ferreira encontra Lucia e Cunha na confeitaria e se deslumbra com a beleza da cortes\u00e3. Em\u00edlia esconde a carta de Lemos na gaveta. Aur\u00e9lia chega em casa e encontra sua m\u00e3e deitada na cama inerte. Em\u00edlia faleceu.<\/p>\n<p>(*) edi\u00e7\u00e3o da Rede Record, Novela \u201cEssas Mulheres\u201d, sujeito a altera\u00e7\u00e3o de data e conte\u00fado.<\/p>\n<p>\u201cEssas Mulheres\u201d &#8211; A trama se passa em 1880, na cidade do Rio de Janeiro, seguindo a vida de tr\u00eas mulheres fortes e determinadas. Aur\u00e9lia (Christine Fernandes), Maria da Gl\u00f3ria (Carla Cabral) e Mila (Miriam Freeland) s\u00e3o grandes amigas que frequentam as aulas de etiqueta juntas, por\u00e9m a vida n\u00e3o demora muito para coloca-las em rumos completamente diferentes. Aur\u00e9lia vivia com sua m\u00e3e e irm\u00e3o em uma casa de favor, por\u00e9m eles s\u00e3o expulsos quando seu tio Lemos (Paulo Gorgulho) vende o im\u00f3vel sem piedade, for\u00e7ando-os a ir morar de aluguel e ela trabalhar como empregada para a arrogante Adelaide (Adriana Garambone) \u2013 que a humilha constantemente e lhe rouba Fernando Seixas (Gabriel Braga Nunes), jornalista com quem ela vivia um romance.<\/p>\n","protected":false},"excerpt":{"rendered":"<p>Novela \u201cEssas Mulheres\u201d resumo 06\/09: no capitulo 029 (*) da novela \u201cEssas Mulheres\u201d, quinta-feira, 06 de setembro, Raimunda conta para Dr. Augusto que Mila foi internada. Torquato apresenta Geraldo para Augusto e pede para que ele trate da sa\u00fade de Mila. Paulo reencontra seu amigo Alfredo. L\u00facia e Cunha se preparam para ir a confeitaria. [&hellip;]<\/p>\n","protected":false},"author":2,"featured_media":148140,"comment_status":"open","ping_status":"closed","sticky":false,"template":"","format":"standard","meta":{"tdm_status":"","tdm_grid_status":"","footnotes":""},"categories":[379,371,343],"tags":[441],"class_list":{"0":"post-150944","1":"post","2":"type-post","3":"status-publish","4":"format-standard","5":"has-post-thumbnail","7":"category-novelas","8":"category-rede-record","9":"category-televisao","10":"tag-resumo-do-dia"},"_links":{"self":[{"href":"https:\/\/migracao.redenoticia.com.br\/noticia\/wp-json\/wp\/v2\/posts\/150944","targetHints":{"allow":["GET"]}}],"collection":[{"href":"https:\/\/migracao.redenoticia.com.br\/noticia\/wp-json\/wp\/v2\/posts"}],"about":[{"href":"https:\/\/migracao.redenoticia.com.br\/noticia\/wp-json\/wp\/v2\/types\/post"}],"author":[{"embeddable":true,"href":"https:\/\/migracao.redenoticia.com.br\/noticia\/wp-json\/wp\/v2\/users\/2"}],"replies":[{"embeddable":true,"href":"https:\/\/migracao.redenoticia.com.br\/noticia\/wp-json\/wp\/v2\/comments?post=150944"}],"version-history":[{"count":0,"href":"https:\/\/migracao.redenoticia.com.br\/noticia\/wp-json\/wp\/v2\/posts\/150944\/revisions"}],"wp:featuredmedia":[{"embeddable":true,"href":"https:\/\/migracao.redenoticia.com.br\/noticia\/wp-json\/wp\/v2\/media\/148140"}],"wp:attachment":[{"href":"https:\/\/migracao.redenoticia.com.br\/noticia\/wp-json\/wp\/v2\/media?parent=150944"}],"wp:term":[{"taxonomy":"category","embeddable":true,"href":"https:\/\/migracao.redenoticia.com.br\/noticia\/wp-json\/wp\/v2\/categories?post=150944"},{"taxonomy":"post_tag","embeddable":true,"href":"https:\/\/migracao.redenoticia.com.br\/noticia\/wp-json\/wp\/v2\/tags?post=150944"}],"curies":[{"name":"wp","href":"https:\/\/api.w.org\/{rel}","templated":true}]}}