{"id":150990,"date":"2018-09-05T12:42:42","date_gmt":"2018-09-05T15:42:42","guid":{"rendered":"https:\/\/www.redenoticia.com.br\/noticia\/?p=150990"},"modified":"2018-09-05T12:42:42","modified_gmt":"2018-09-05T15:42:42","slug":"resumo-novela-que-pobres-tao-ricos-06-09-miguel-angelo-e-lupita-se-beijam","status":"publish","type":"post","link":"https:\/\/migracao.redenoticia.com.br\/noticia\/2018\/resumo-novela-que-pobres-tao-ricos-06-09-miguel-angelo-e-lupita-se-beijam\/150990","title":{"rendered":"Resumo novela \u201cQue Pobres T\u00e3o Ricos\u201d 06\/09: Miguel \u00c2ngelo e Lupita se beijam"},"content":{"rendered":"<p><img loading=\"lazy\" decoding=\"async\" class=\"alignleft size-thumbnail wp-image-148670\" src=\"https:\/\/migracao.redenoticia.com.br\/noticia\/imagens\/que-pobres-tao-ricos-sbt-150x112.jpg\" alt=\"\" width=\"150\" height=\"112\" srcset=\"https:\/\/migracao.redenoticia.com.br\/noticia\/imagens\/que-pobres-tao-ricos-sbt-150x113.jpg 150w, https:\/\/migracao.redenoticia.com.br\/noticia\/imagens\/que-pobres-tao-ricos-sbt-250x187.jpg 250w, https:\/\/migracao.redenoticia.com.br\/noticia\/imagens\/que-pobres-tao-ricos-sbt.jpg 400w, https:\/\/migracao.redenoticia.com.br\/noticia\/imagens\/que-pobres-tao-ricos-sbt-265x198.jpg 265w\" sizes=\"auto, (max-width: 150px) 100vw, 150px\" \/><strong><em>Resumo novela \u201cQue Pobres T\u00e3o Ricos\u201d 06\/09 <\/em><\/strong>: no cap\u00edtulo 034(*) da novela \u201cQue Pobres T\u00e3o Ricos\u201d, resumo de quinta-feira, 06 de setembro, Lupita e Miguel \u00c2ngelo j\u00e1 n\u00e3o podem esconder seu amor e se beijam romanticamente de baixo da chuva de fogos de artif\u00edcio, deixando correr toda a paix\u00e3o que sentem. Alex pede a Vilma que mande seu computador para que um t\u00e9cnico diga se algu\u00e9m mais teve acesso a sua informa\u00e7\u00e3o porque suspeita que algu\u00e9m pode ter visto seus documentos secretos. Vilma diz que essa pessoa pode ter sido Minerva. Lupita confessa para Carminha que Miguel \u00c2ngelo mexeu com seus sentimentos e que est\u00e1 totalmente apaixonada. Carminha n\u00e3o pode evitar se emocionar com a not\u00edcia.<\/p>\n<p>Sa\u00fal informa a Miguel \u00c2ngelo que sua m\u00e3e e seu irm\u00e3o se hospedaram no hotel mais caro da Cidade, pagando uma conta enorme e se dando uma vida de rei. Miguel \u00c2ngelo fica assombrado ao ouvir a not\u00edcia. Miguel \u00c2ngelo enfrenta a Ana Sof\u00eda e questiona sobre sua estadia nesse luxuoso hotel. Ele pergunta se foi ela quem tirou o dinheiro da fam\u00edlia Mendon\u00e7a e exige uma explica\u00e7\u00e3o imediata sobre seus atos. Glenda confessa a Carminha que passou a noite a noite em um hotel com Nepo. Carminha fica impactada com a verdade, pois se d\u00e1 conta que Glenda traiu a confian\u00e7a de Lupita.<\/p>\n<p>(*) edi\u00e7\u00e3o do SBT, Novela \u201cQue Pobres T\u00e3o Ricos\u201d, sujeito a altera\u00e7\u00e3o de data e conte\u00fado.<\/p>\n<p>\u201cQue Pobres T\u00e3o Ricos\u201d \u00e9 uma hist\u00f3ria de amor, romance, encontros e desencontros e um sem n\u00famero de divertidos enredos entre duas fam\u00edlias que n\u00e3o tem nada em comum, mas que agora estar\u00e3o obrigadas a conviver na mesma casa. De um lado, os Ruizpalacios, milion\u00e1rios de linhagem, e do outro, os Menchaca, uma cl\u00e1ssica fam\u00edlia de bairro.<\/p>\n<p>Todo come\u00e7ou diante da incapacidade da av\u00f3 Mati Ruizpalacios, de seguir em frente da empresa familiar. E \u00e9 assim que Miguel \u00c2ngelo, seu neto consentido, que leva 11 anos vivendo em Londres, retorna ao M\u00e9xico para a leitura de uma cl\u00e1usula do testamento do seu av\u00f4 Don Aureliano, que dita: &#8220;Herdar\u00e1 o cons\u00f3rcio o primeiro de meus netos que esteja formalmente casado e tenha um filho var\u00e3o&#8221;.<\/p>\n<p>\u00c9 ent\u00e3o que, sem pretender, Miguel \u00c2ngelo ter\u00e1 em seu primo Alejo, um ambicioso inimigo que o envolver\u00e1 em uma fraude, e assim provocar\u00e1 que Miguel \u00c2ngelo e sua fam\u00edlia percam sua fortuna, al\u00e9m de todas suas propriedades, ficando s\u00f3 com um terreno na col\u00f4nia La Nopalera, onde, para sua surpresa, hoje vivem os Menchaca.<\/p>\n","protected":false},"excerpt":{"rendered":"<p>Resumo novela \u201cQue Pobres T\u00e3o Ricos\u201d 06\/09 : no cap\u00edtulo 034(*) da novela \u201cQue Pobres T\u00e3o Ricos\u201d, resumo de quinta-feira, 06 de setembro, Lupita e Miguel \u00c2ngelo j\u00e1 n\u00e3o podem esconder seu amor e se beijam romanticamente de baixo da chuva de fogos de artif\u00edcio, deixando correr toda a paix\u00e3o que sentem. Alex pede a [&hellip;]<\/p>\n","protected":false},"author":4,"featured_media":148670,"comment_status":"open","ping_status":"closed","sticky":false,"template":"","format":"standard","meta":{"tdm_status":"","tdm_grid_status":"","footnotes":""},"categories":[379,372,343],"tags":[441],"class_list":{"0":"post-150990","1":"post","2":"type-post","3":"status-publish","4":"format-standard","5":"has-post-thumbnail","7":"category-novelas","8":"category-sbt","9":"category-televisao","10":"tag-resumo-do-dia"},"_links":{"self":[{"href":"https:\/\/migracao.redenoticia.com.br\/noticia\/wp-json\/wp\/v2\/posts\/150990","targetHints":{"allow":["GET"]}}],"collection":[{"href":"https:\/\/migracao.redenoticia.com.br\/noticia\/wp-json\/wp\/v2\/posts"}],"about":[{"href":"https:\/\/migracao.redenoticia.com.br\/noticia\/wp-json\/wp\/v2\/types\/post"}],"author":[{"embeddable":true,"href":"https:\/\/migracao.redenoticia.com.br\/noticia\/wp-json\/wp\/v2\/users\/4"}],"replies":[{"embeddable":true,"href":"https:\/\/migracao.redenoticia.com.br\/noticia\/wp-json\/wp\/v2\/comments?post=150990"}],"version-history":[{"count":0,"href":"https:\/\/migracao.redenoticia.com.br\/noticia\/wp-json\/wp\/v2\/posts\/150990\/revisions"}],"wp:featuredmedia":[{"embeddable":true,"href":"https:\/\/migracao.redenoticia.com.br\/noticia\/wp-json\/wp\/v2\/media\/148670"}],"wp:attachment":[{"href":"https:\/\/migracao.redenoticia.com.br\/noticia\/wp-json\/wp\/v2\/media?parent=150990"}],"wp:term":[{"taxonomy":"category","embeddable":true,"href":"https:\/\/migracao.redenoticia.com.br\/noticia\/wp-json\/wp\/v2\/categories?post=150990"},{"taxonomy":"post_tag","embeddable":true,"href":"https:\/\/migracao.redenoticia.com.br\/noticia\/wp-json\/wp\/v2\/tags?post=150990"}],"curies":[{"name":"wp","href":"https:\/\/api.w.org\/{rel}","templated":true}]}}