{"id":150992,"date":"2018-09-05T12:43:47","date_gmt":"2018-09-05T15:43:47","guid":{"rendered":"https:\/\/www.redenoticia.com.br\/noticia\/?p=150992"},"modified":"2018-09-05T13:05:39","modified_gmt":"2018-09-05T16:05:39","slug":"resumo-novela-as-aventuras-de-poliana-06-09-todos-se-unem-para-ajudar-durval-a-arrumar-a-padaria","status":"publish","type":"post","link":"https:\/\/migracao.redenoticia.com.br\/noticia\/2018\/resumo-novela-as-aventuras-de-poliana-06-09-todos-se-unem-para-ajudar-durval-a-arrumar-a-padaria\/150992","title":{"rendered":"Resumo novela \u201cAs Aventuras de Poliana\u201d 06\/09: padaria \u00e9 roubada e destru\u00edda"},"content":{"rendered":"<p><img loading=\"lazy\" decoding=\"async\" class=\"alignleft size-thumbnail wp-image-148201\" src=\"https:\/\/migracao.redenoticia.com.br\/noticia\/imagens\/poliana-150x112.jpg\" alt=\"\" width=\"150\" height=\"112\" srcset=\"https:\/\/migracao.redenoticia.com.br\/noticia\/imagens\/poliana-150x112.jpg 150w, https:\/\/migracao.redenoticia.com.br\/noticia\/imagens\/poliana-265x198.jpg 265w, https:\/\/migracao.redenoticia.com.br\/noticia\/imagens\/poliana-485x360.jpg 485w, https:\/\/migracao.redenoticia.com.br\/noticia\/imagens\/poliana-534x400.jpg 534w\" sizes=\"auto, (max-width: 150px) 100vw, 150px\" \/><strong><em>Resumo novela \u201cAs Aventuras de Poliana\u201d 06\/09 <\/em><\/strong>: no cap\u00edtulo 082(*) da novela \u201cAs Aventuras de Poliana\u201d, resumo de quinta-feira, 06 de setembro, Sr. Pendleton vai at\u00e9 a escola conversar com a diretora Ruth Goulart. A diretora mostra para Sr. Pendleton, investidor do col\u00e9gio, como est\u00e1 a tecnologia das salas da escola. Poliana apresenta na aula de dan\u00e7a a coreografia, mas D\u00e9bora diz para as outras alunas memorizarem aquilo como algo que n\u00e3o se deve fazer. Durval est\u00e1 chocado ao descobrir que a sua padaria foi destru\u00edda e roubada durante a noite. Sr. Pendleton vai at\u00e9 a casa de Lu\u00edsa e a surpreende. Lu\u00edsa pede para Nanci inventar que ela saiu.<\/p>\n<p>Jeferson \u00e9 levado pelos capangas da comunidade a for\u00e7a para falar com o chef\u00e3o, Rato. O homem usa uma m\u00e1scara de rato, o que impossibilita saber sua real identidade. Enquanto isso, v\u00e1rias pessoas se unem para ajudar Durval a arrumar a padaria. At\u00e9 Lu\u00edsa colabora com o irm\u00e3o. Iuri descobre que Sophie n\u00e3o est\u00e1 noiva e pede para a professora enfim contar a verdade para ele. Gleyce aceita trabalhar com Ver\u00f4nica.<\/p>\n<p>(*) edi\u00e7\u00e3o do SBT, Novela \u201cAs Aventuras de Poliana\u201d, sujeito a altera\u00e7\u00e3o de data e conte\u00fado.<\/p>\n<p>Poliana \u00e9 uma menina extrovertida e de bom cora\u00e7\u00e3o que viajava o Brasil com seus pais, Lorenzo e Alice, no grupo circense Trupe Vagalume. Aos onze anos a garota v\u00ea seu mundo desabar quando seus pais falecem e ela tem que ir morar em S\u00e3o Paulo com sua tia Lu\u00edsa, uma mulher rica e severa, a qual ela n\u00e3o conhecia e que n\u00e3o queria cuidar dela, embora sinta que \u00e9 sua obriga\u00e7\u00e3o pela alma de sua irm\u00e3. Apesar do jeito da rigidez da tia, Poliana decide ter uma vis\u00e3o positiva e inabal\u00e1vel da vida, mesmo nos momentos de dificuldade, tentando levar um pouco de felicidade para a vida de cada um dos seus novos amigos e vizinhos, como o Sr. Pendleton, um homem rico e infeliz por nunca ter tido filhos. Ela vai estudar no col\u00e9gio de Ruth, uma diretora de bom cora\u00e7\u00e3o que a ajuda a se adaptar, mas tem que lidar com as vilanias de Mirela, garota mais velha que n\u00e3o aceita perder a popularidade para uma novata.<\/p>\n","protected":false},"excerpt":{"rendered":"<p>Resumo novela \u201cAs Aventuras de Poliana\u201d 06\/09 : no cap\u00edtulo 082(*) da novela \u201cAs Aventuras de Poliana\u201d, resumo de quinta-feira, 06 de setembro, Sr. Pendleton vai at\u00e9 a escola conversar com a diretora Ruth Goulart. A diretora mostra para Sr. Pendleton, investidor do col\u00e9gio, como est\u00e1 a tecnologia das salas da escola. Poliana apresenta na [&hellip;]<\/p>\n","protected":false},"author":4,"featured_media":148663,"comment_status":"open","ping_status":"closed","sticky":false,"template":"","format":"standard","meta":{"tdm_status":"","tdm_grid_status":"","footnotes":""},"categories":[477,379,372,343],"tags":[441],"class_list":{"0":"post-150992","1":"post","2":"type-post","3":"status-publish","4":"format-standard","5":"has-post-thumbnail","7":"category-as-aventuras-de-poliana","8":"category-novelas","9":"category-sbt","10":"category-televisao","11":"tag-resumo-do-dia"},"_links":{"self":[{"href":"https:\/\/migracao.redenoticia.com.br\/noticia\/wp-json\/wp\/v2\/posts\/150992","targetHints":{"allow":["GET"]}}],"collection":[{"href":"https:\/\/migracao.redenoticia.com.br\/noticia\/wp-json\/wp\/v2\/posts"}],"about":[{"href":"https:\/\/migracao.redenoticia.com.br\/noticia\/wp-json\/wp\/v2\/types\/post"}],"author":[{"embeddable":true,"href":"https:\/\/migracao.redenoticia.com.br\/noticia\/wp-json\/wp\/v2\/users\/4"}],"replies":[{"embeddable":true,"href":"https:\/\/migracao.redenoticia.com.br\/noticia\/wp-json\/wp\/v2\/comments?post=150992"}],"version-history":[{"count":0,"href":"https:\/\/migracao.redenoticia.com.br\/noticia\/wp-json\/wp\/v2\/posts\/150992\/revisions"}],"wp:featuredmedia":[{"embeddable":true,"href":"https:\/\/migracao.redenoticia.com.br\/noticia\/wp-json\/wp\/v2\/media\/148663"}],"wp:attachment":[{"href":"https:\/\/migracao.redenoticia.com.br\/noticia\/wp-json\/wp\/v2\/media?parent=150992"}],"wp:term":[{"taxonomy":"category","embeddable":true,"href":"https:\/\/migracao.redenoticia.com.br\/noticia\/wp-json\/wp\/v2\/categories?post=150992"},{"taxonomy":"post_tag","embeddable":true,"href":"https:\/\/migracao.redenoticia.com.br\/noticia\/wp-json\/wp\/v2\/tags?post=150992"}],"curies":[{"name":"wp","href":"https:\/\/api.w.org\/{rel}","templated":true}]}}