{"id":150994,"date":"2018-09-05T12:44:54","date_gmt":"2018-09-05T15:44:54","guid":{"rendered":"https:\/\/www.redenoticia.com.br\/noticia\/?p=150994"},"modified":"2018-09-05T12:44:54","modified_gmt":"2018-09-05T15:44:54","slug":"resumo-novela-chiquititas-06-09-carmem-protege-marian-das-chiquititas","status":"publish","type":"post","link":"https:\/\/migracao.redenoticia.com.br\/noticia\/2018\/resumo-novela-chiquititas-06-09-carmem-protege-marian-das-chiquititas\/150994","title":{"rendered":"Resumo novela \u201cChiquititas\u201d 06\/09: Carmem protege Marian das Chiquititas"},"content":{"rendered":"<p><img loading=\"lazy\" decoding=\"async\" class=\"alignleft size-thumbnail wp-image-148665\" src=\"https:\/\/migracao.redenoticia.com.br\/noticia\/imagens\/chiquititas-sbt-150x112.jpg\" alt=\"\" width=\"150\" height=\"112\" srcset=\"https:\/\/migracao.redenoticia.com.br\/noticia\/imagens\/chiquititas-sbt-150x112.jpg 150w, https:\/\/migracao.redenoticia.com.br\/noticia\/imagens\/chiquititas-sbt-265x198.jpg 265w\" sizes=\"auto, (max-width: 150px) 100vw, 150px\" \/><strong><em>Resumo novela \u201cChiquititas\u201d 06\/09 <\/em><\/strong>: no cap\u00edtulo 518(*) da novela \u201cChiquititas\u201d, resumo de quinta-feira, 06 de setembro, Helena v\u00ea Rafa com v\u00e1rias comidas e estranha. No quarto das chiquititas, Marian mexe nas revistas de Bia. A garota rasga todas as revistas e joga pela janela. Mosca conversa com Mili, que est\u00e1 pensativa sobre as maldades de Marian. Bia, com as meninas, encontra todas suas revistas rasgadas no quintal. Marian sai na janela e diz que elas s\u00e3o do tamanho dela.<\/p>\n<p>Bia corre para ir at\u00e9 o quarto, mas Marian tranca a porta e diz que Bia n\u00e3o manda no orfanato. Marian liga para Carmen e pede ajuda. Mosca leva Mili at\u00e9 a casa da \u00e1rvore onde preparou uma surpresa pra ela: uma refei\u00e7\u00e3o com tudo que ela gosta. Carmen chega e Marian abre a porta. A megera diz que Marian deve ter tido motivo pra fazer o que fez e que ela \u00e9 sua sobrinha protegida.<\/p>\n<p>Carmen sugere que elas fa\u00e7am as pazes e permite que Marian passe a noite no orfanato, para desespero das chiquititas. Helena chega em casa e fica desesperada ao notar que Lucia fugiu. Maria Cec\u00edlia revela para o pai que n\u00e3o consegue parar de pensar em Tobias. Chega a hora de dormir e Marian diz que desta vez dormir\u00e1 na cama de Mili e revolta as demais chiquititas. Mili diz que tudo bem, mas tem um, por\u00e9m, ela vai dormir sozinha, pois todas as demais v\u00e3o com Mili dormir na sala. Marian fica irritada.<\/p>\n<p>(*) edi\u00e7\u00e3o do SBT, Novela \u201cChiquititas\u201d, sujeito a altera\u00e7\u00e3o de data e conte\u00fado.<\/p>\n<p>Chiquititas gira em torno do orfanato Raio de Luz, que carrega em sua hist\u00f3ria um grande segredo envolvendo a fam\u00edlia e o dono do orfanato, Dr. Jos\u00e9 Ricardo Almeida Campos. Em um per\u00edodo anterior \u00e0 novela, exatos treze anos, sua filha Gabriela se apaixonou e ficou gr\u00e1vida de Miguel, filho de Valentina, empregada da casa dos Almeida Campos. Pouco depois, Jos\u00e9 Ricardo sequestrou sua neta, pois, como um homem conservador, ele n\u00e3o aceitava a ideia de que sua filha se envolvesse com um empregado. Como sua neta, Milena, apelidada como Mili, precisava de um lugar para morar, ele comprou um casar\u00e3o e fundou um orfanato, o Raio de Luz.<\/p>\n<p>Mili cresceu l\u00e1 com outras garotas que chegaram posteriormente: Bia, Ana, as irm\u00e3s Tati e Vivi, e Cris. Ao decorrer dos anos, elas se tornam uma fam\u00edlia. Elas s\u00e3o supervisionadas por Ernestina, zeladora do orfanato, e Chico, o cozinheiro amado pelas internas. Sofia, ex-governanta da fam\u00edlia Almeida Campos, \u00e9 a diretora do lugar, at\u00e9 que Carmem, irm\u00e3 de Jos\u00e9 Ricardo, entre em seu lugar. Chegam ainda mais \u00f3rf\u00e3os: Pata, Mosca, Binho e Rafa, que viviam nas ruas antes de entrarem na institui\u00e7\u00e3o. Pata e Mili tornam-se amigas rapidamente, enquanto Mosca, Binho e Rafa s\u00e3o os primeiros garotos a entrar no abrigo. As crian\u00e7as sem-teto foram ajudadas por uma doce e bela garota que tocam e mudam a vida delas, assim como as das garotas \u00f3rf\u00e3s.<\/p>\n","protected":false},"excerpt":{"rendered":"<p>Resumo novela \u201cChiquititas\u201d 06\/09 : no cap\u00edtulo 518(*) da novela \u201cChiquititas\u201d, resumo de quinta-feira, 06 de setembro, Helena v\u00ea Rafa com v\u00e1rias comidas e estranha. No quarto das chiquititas, Marian mexe nas revistas de Bia. A garota rasga todas as revistas e joga pela janela. Mosca conversa com Mili, que est\u00e1 pensativa sobre as maldades [&hellip;]<\/p>\n","protected":false},"author":4,"featured_media":148665,"comment_status":"open","ping_status":"closed","sticky":false,"template":"","format":"standard","meta":{"tdm_status":"","tdm_grid_status":"","footnotes":""},"categories":[409,379,372,343],"tags":[441],"class_list":{"0":"post-150994","1":"post","2":"type-post","3":"status-publish","4":"format-standard","5":"has-post-thumbnail","7":"category-chiquititas","8":"category-novelas","9":"category-sbt","10":"category-televisao","11":"tag-resumo-do-dia"},"_links":{"self":[{"href":"https:\/\/migracao.redenoticia.com.br\/noticia\/wp-json\/wp\/v2\/posts\/150994","targetHints":{"allow":["GET"]}}],"collection":[{"href":"https:\/\/migracao.redenoticia.com.br\/noticia\/wp-json\/wp\/v2\/posts"}],"about":[{"href":"https:\/\/migracao.redenoticia.com.br\/noticia\/wp-json\/wp\/v2\/types\/post"}],"author":[{"embeddable":true,"href":"https:\/\/migracao.redenoticia.com.br\/noticia\/wp-json\/wp\/v2\/users\/4"}],"replies":[{"embeddable":true,"href":"https:\/\/migracao.redenoticia.com.br\/noticia\/wp-json\/wp\/v2\/comments?post=150994"}],"version-history":[{"count":0,"href":"https:\/\/migracao.redenoticia.com.br\/noticia\/wp-json\/wp\/v2\/posts\/150994\/revisions"}],"wp:featuredmedia":[{"embeddable":true,"href":"https:\/\/migracao.redenoticia.com.br\/noticia\/wp-json\/wp\/v2\/media\/148665"}],"wp:attachment":[{"href":"https:\/\/migracao.redenoticia.com.br\/noticia\/wp-json\/wp\/v2\/media?parent=150994"}],"wp:term":[{"taxonomy":"category","embeddable":true,"href":"https:\/\/migracao.redenoticia.com.br\/noticia\/wp-json\/wp\/v2\/categories?post=150994"},{"taxonomy":"post_tag","embeddable":true,"href":"https:\/\/migracao.redenoticia.com.br\/noticia\/wp-json\/wp\/v2\/tags?post=150994"}],"curies":[{"name":"wp","href":"https:\/\/api.w.org\/{rel}","templated":true}]}}