{"id":150996,"date":"2018-09-05T12:50:37","date_gmt":"2018-09-05T15:50:37","guid":{"rendered":"https:\/\/www.redenoticia.com.br\/noticia\/?p=150996"},"modified":"2018-09-05T14:31:36","modified_gmt":"2018-09-05T17:31:36","slug":"resumo-novela-belissima-06-09-bia-morre-no-acidente","status":"publish","type":"post","link":"https:\/\/migracao.redenoticia.com.br\/noticia\/2018\/resumo-novela-belissima-06-09-bia-morre-no-acidente\/150996","title":{"rendered":"Resumo novela \u201cBel\u00edssima\u201d 06\/09: J\u00falia \u00e9 obrigada a reconhecer o corpo de Bia"},"content":{"rendered":"<p><img loading=\"lazy\" decoding=\"async\" class=\"alignleft size-thumbnail wp-image-148654\" src=\"https:\/\/migracao.redenoticia.com.br\/noticia\/imagens\/belissima-novela-resumo-150x112.jpg\" alt=\"\" width=\"150\" height=\"112\" srcset=\"https:\/\/migracao.redenoticia.com.br\/noticia\/imagens\/belissima-novela-resumo-150x112.jpg 150w, https:\/\/migracao.redenoticia.com.br\/noticia\/imagens\/belissima-novela-resumo-265x198.jpg 265w\" sizes=\"auto, (max-width: 150px) 100vw, 150px\" \/><strong><em>Resumo novela \u201cBel\u00edssima\u201d 06\/09 <\/em><\/strong>: no cap\u00edtulo 065(*) da novela \u201cBel\u00edssima\u201d, resumo de quinta-feira, 06 de setembro, J\u00falia se desespera e manda o piloto pousar. O carro de Pascoal \u00e9 parado por um policial, que avisa Vit\u00f3ria que ter\u00e1 que lev\u00e1-la para a delegacia. Vit\u00f3ria sai correndo e tenta fugir, mas os policiais a alcan\u00e7am. Katina passa o dia inteiro fora de casa e chega muito perturbada. Nikos e Ta\u00eds se escondem num bar para escapar dos bandidos e depois pegam um barco para fugir da ilha. Ta\u00eds teme ser apanhada de novo, mas Nikos garante que dessa vez a fuga vai dar certo. Pascoal fala para o delegado que foi ele quem convenceu Vit\u00f3ria a fugir, mas Vit\u00f3ria assume toda a culpa. J\u00falia, \u00c9rica e Gigi choram a morte de Bia. J\u00falia \u00e9 obrigada a reconhecer o corpo de Bia. Como o corpo est\u00e1 irreconhec\u00edvel, J\u00falia identifica que as j\u00f3ias eram de Bia.<\/p>\n<p>Mary comemora a morte de Bia, deixando Guida chocada. Andr\u00e9 explica para Alberto e Ornela que J\u00falia se sentiu muito mal, precisou ser internada na cl\u00ednica do Dr. Natanael e que n\u00e3o pode receber visitas. Andr\u00e9 completa que J\u00falia n\u00e3o poder\u00e1 comparecer ao enterro de Bia e que ele ir\u00e1 para a cl\u00ednica, mesmo que n\u00e3o possa v\u00ea-la. \u00c9rica comenta que a pol\u00edcia est\u00e1 investigando se foi mesmo um acidente, deixando Alberto e Andr\u00e9 constrangidos. Murat observa de longe o enterro de Bia. Diva comenta com Aquilino que sabe que ele passou a noite inteira fora de casa, deixando-o nervoso. Aquilino encontra Bento lendo o dossi\u00ea e fica furioso. Gigi recebe dois investigadores da pol\u00edcia em casa.<\/p>\n<p>(*) edi\u00e7\u00e3o da Rede Globo, Novela \u201cBel\u00edssima\u201d, sujeito a altera\u00e7\u00e3o de data e conte\u00fado.<\/p>\n<p>Simp\u00e1tica, bem-sucedida e discreta, J\u00falia Assump\u00e7\u00e3o \u00e9 presidente da Bel\u00edssima, refer\u00eancia mundial no setor de roupas \u00edntimas. Sua av\u00f3, Bia Falc\u00e3o, a pressiona para se tornar parecida com a m\u00e3e, Stella Assump\u00e7\u00e3o \u2013 que foi uma modelo bastante famosa, mito de beleza na d\u00e9cada de 1960. Fundadora da marca Bel\u00edssima, Stella morreu em um acidente de avi\u00e3o junto com seu marido, deixando \u00f3rf\u00e3os J\u00falia e Pedro. Desde ent\u00e3o, Bia Falc\u00e3o se tornou respons\u00e1vel pelos dois, tendo-os criado. At\u00e9 hoje tenta controlar a vida deles. Em casa, J\u00falia s\u00f3 encontra apoio no tio, Argemiro Falc\u00e3o, vulgo Gigi, e na governanta, Matilde. Bia faz de tudo para J\u00falia se sentir culpada pela morte dos pais.<\/p>\n<p>A vil\u00e3 far\u00e1 de tudo para acabar com os romances de Pedro com Vit\u00f3ria, uma ex- menina de rua que ele escolheu para ser sua esposa, com quem tem uma filha, e Vit\u00f3ria ser\u00e1 perseguida pela vil\u00e3 durante toda a trama, por\u00e9m, sem perder a fibra e a coragem; e de J\u00falia com Andr\u00e9 Santana. Este, apesar de n\u00e3o parecer inicialmente, \u00e9 um grande e terr\u00edvel vil\u00e3o, diab\u00f3lico e ambicioso, que almeja ser dono da Bel\u00edssima em conjunto com seu pai, Aquilino Santana, o seu Quiqui, que aparenta ser um bom velhinho, mas \u00e9, na verdade, um bandido da pior esp\u00e9cie, ex-matador de aluguel. Andr\u00e9 vai se envolver com J\u00falia e com a filha de J\u00falia, \u00c9rica, uma mulher f\u00fatil e perversa como a bisav\u00f3 Bia Falc\u00e3o. \u00c9rica \u00e9 aspirante a modelo.<\/p>\n","protected":false},"excerpt":{"rendered":"<p>Resumo novela \u201cBel\u00edssima\u201d 06\/09 : no cap\u00edtulo 065(*) da novela \u201cBel\u00edssima\u201d, resumo de quinta-feira, 06 de setembro, J\u00falia se desespera e manda o piloto pousar. O carro de Pascoal \u00e9 parado por um policial, que avisa Vit\u00f3ria que ter\u00e1 que lev\u00e1-la para a delegacia. Vit\u00f3ria sai correndo e tenta fugir, mas os policiais a alcan\u00e7am. [&hellip;]<\/p>\n","protected":false},"author":4,"featured_media":148654,"comment_status":"open","ping_status":"closed","sticky":false,"template":"","format":"standard","meta":{"tdm_status":"","tdm_grid_status":"","footnotes":""},"categories":[485,379,375,343],"tags":[441],"class_list":{"0":"post-150996","1":"post","2":"type-post","3":"status-publish","4":"format-standard","5":"has-post-thumbnail","7":"category-belissima","8":"category-novelas","9":"category-rede-globo","10":"category-televisao","11":"tag-resumo-do-dia"},"_links":{"self":[{"href":"https:\/\/migracao.redenoticia.com.br\/noticia\/wp-json\/wp\/v2\/posts\/150996","targetHints":{"allow":["GET"]}}],"collection":[{"href":"https:\/\/migracao.redenoticia.com.br\/noticia\/wp-json\/wp\/v2\/posts"}],"about":[{"href":"https:\/\/migracao.redenoticia.com.br\/noticia\/wp-json\/wp\/v2\/types\/post"}],"author":[{"embeddable":true,"href":"https:\/\/migracao.redenoticia.com.br\/noticia\/wp-json\/wp\/v2\/users\/4"}],"replies":[{"embeddable":true,"href":"https:\/\/migracao.redenoticia.com.br\/noticia\/wp-json\/wp\/v2\/comments?post=150996"}],"version-history":[{"count":0,"href":"https:\/\/migracao.redenoticia.com.br\/noticia\/wp-json\/wp\/v2\/posts\/150996\/revisions"}],"wp:featuredmedia":[{"embeddable":true,"href":"https:\/\/migracao.redenoticia.com.br\/noticia\/wp-json\/wp\/v2\/media\/148654"}],"wp:attachment":[{"href":"https:\/\/migracao.redenoticia.com.br\/noticia\/wp-json\/wp\/v2\/media?parent=150996"}],"wp:term":[{"taxonomy":"category","embeddable":true,"href":"https:\/\/migracao.redenoticia.com.br\/noticia\/wp-json\/wp\/v2\/categories?post=150996"},{"taxonomy":"post_tag","embeddable":true,"href":"https:\/\/migracao.redenoticia.com.br\/noticia\/wp-json\/wp\/v2\/tags?post=150996"}],"curies":[{"name":"wp","href":"https:\/\/api.w.org\/{rel}","templated":true}]}}