{"id":15100,"date":"2009-10-23T15:58:32","date_gmt":"2009-10-23T19:58:32","guid":{"rendered":"http:\/\/www.redenoticia.com.br\/noticia\/?p=15100"},"modified":"2009-10-23T15:58:32","modified_gmt":"2009-10-23T19:58:32","slug":"tv-cultura-exibe-um-dia-inteiro-de-animacao","status":"publish","type":"post","link":"https:\/\/migracao.redenoticia.com.br\/noticia\/2009\/tv-cultura-exibe-um-dia-inteiro-de-animacao\/15100","title":{"rendered":"TV Cultura exibe um dia inteiro de anima\u00e7\u00e3o"},"content":{"rendered":"<p>O telespectador ligado na <strong>TV Cultura<\/strong> durante toda a quarta-feira, 28 de outubro, ter\u00e1 a chance de conhecer aplaudidas anima\u00e7\u00f5es, em comemora\u00e7\u00e3o ao Dia Internacional da Anima\u00e7\u00e3o. Entre um programa e outro, por 24 horas, ser\u00e3o exibidos, em car\u00e1ter rand\u00f4mico, Caquinhas Asfalto, Kone e Dorfe no Mundo das Alcachofras, E o vento me levou!, Seu Dente e meu bico, Poeminho do Contra, Caquinhas (Ninja), O Sapo e a Mosca e Maria Flor.<\/p>\n<p>Na TV R\u00e1 Tim Bum, a atra\u00e7\u00e3o j\u00e1 come\u00e7ou. A tev\u00ea por assinatura da Funda\u00e7\u00e3o Padre Anchieta est\u00e1 exibindo os mesmos curtas desde o dia 20\/10 e os manter\u00e1 na programa\u00e7\u00e3o, tamb\u00e9m de forma rand\u00f4mica, 24 horas por dia, at\u00e9 o dia 28.<\/p>\n<p>Esse conte\u00fado das duas emissoras d\u00e1 peso ao maior evento de cinema simult\u00e2neo do Brasil, o DIA 2009, que acontece no Dia Internacional da Anima\u00e7\u00e3o. Trata-se da exibi\u00e7\u00e3o gratuita de diversos curtas-metragens de anima\u00e7\u00e3o nacionais e internacionais, que ocorre simultaneamente em v\u00e1rios estados brasileiros. Realizado pela Associa\u00e7\u00e3o Brasileira de Cinema de Anima\u00e7\u00e3o (ABCA), o projeto j\u00e1 est\u00e1 em sua 6\u00aa edi\u00e7\u00e3o no pa\u00eds e deve atingir este ano cerca de 500 cidades.<\/p>\n<p>Em S\u00e3o Paulo, a mostra oficial ser\u00e1 realizada na Casa das Rosas (Avenida Paulista, 37), das 10h \u00e0s 17h. Informa\u00e7\u00f5es sobre a programa\u00e7\u00e3o em outras cidades, no site www.diadanimacao.com.br.<\/p>\n<p>Anima\u00e7\u00f5es:<\/p>\n<p>1 &#8211; Caquinhas asfalto<\/p>\n<p>Dir. C\u00e9sar Cabral &#8211; Stop motion &#8211; Digital<\/p>\n<p>1min30seg &#8211; 2003 &#8211; Santo Andr\u00e9-SP<\/p>\n<p>Sinopse: Uma Casquinha de chiclete acaba na<\/p>\n<p>estrada e tem que se virar pedindo carona.<\/p>\n<p>2 &#8211; Kone e Dorfe no mundo das alcachofras<\/p>\n<p>Mostra para deficientes visuais &#8211; infantil<\/p>\n<p>Dir. Paulo Pappera<\/p>\n<p>3D &#8211; 2min15s &#8211; 2006 &#8211; SP<\/p>\n<p>Sinopse: Dois pequenos amigos viajam por um<\/p>\n<p>mundo fant\u00e1stico, povoado por seres m\u00e1gicos.<\/p>\n<p>3 &#8211; E o vento me levou!<\/p>\n<p>Dir. William C\u00f4go<\/p>\n<p>2D &#8211; 1min37s &#8211; 2005 &#8211; Rio de Janeiro &#8211; RJ<\/p>\n<p>Sinopse: Leleco tenta brincar com sua pipa, mas o<\/p>\n<p>vento resolve n\u00e3o ajudar..<\/p>\n<p>4 &#8211; Seu dente e meu bico<\/p>\n<p>Mostra para deficientes visuais &#8211; infantil<\/p>\n<p>Dir. Mar\u00e3o<\/p>\n<p>2D &#8211; 2min &#8211; 2006 &#8211; Rio de Janeiro &#8211; RJ<\/p>\n<p>Sinopse: Como um bico pode ajudar uns dentes e<\/p>\n<p>como uns dentes podem ajudar um bico.<\/p>\n<p>5 &#8211; Poeminho do contra<\/p>\n<p>Dir. Wagner Passos<\/p>\n<p>2D &#8211; 1min &#8211; 2008 &#8211; Rio Grande &#8211; RS<\/p>\n<p>Sinopse: Representa\u00e7\u00e3o visual de um dos poemas<\/p>\n<p>mais conhecidos da literatura de M\u00e1rio Quintana.<\/p>\n<p>Traz o pr\u00f3prio poeta como protagonista da<\/p>\n<p>anima\u00e7\u00e3o.<\/p>\n<p>6 &#8211; Caquinhas (Ninja)<\/p>\n<p>Dire\u00e7\u00e3o: C\u00e9sar Cabral<\/p>\n<p>T\u00e9cnica: Stop Motion<\/p>\n<p>01&#8217;30&#8221; &#8211; Digital &#8211; 2003 &#8211; Santo Andr\u00e9 &#8211; SP<\/p>\n<p>Sinopse: No universo de um cesto de lixo, duas<\/p>\n<p>caquinhas disputam espa\u00e7o nas artes marciais.<\/p>\n<p>7 &#8211; O sapo e a mosca<\/p>\n<p>Dir. Thomas Larson &#8211; ABCA<\/p>\n<p>T\u00e9cnica de Anima\u00e7\u00e3o: Stop-motion<\/p>\n<p>1&#8242; &#8211; Digital &#8211; 2001<\/p>\n<p>Ribeir\u00e3o Preto\/SP<\/p>\n<p>Sinopse: O cl\u00e1ssico encontro de um sapo e uma<\/p>\n<p>mosca.<\/p>\n<p>8 &#8211; Maria flor<\/p>\n<p>Dir. Camila Carrossine<\/p>\n<p>3D &#8211; 2min58seg &#8211; 2008 &#8211; Bras\u00edlia &#8211; DF<\/p>\n<p>Sinopse: Uma pequena hist\u00f3ria laranja e azul.<\/p>\n","protected":false},"excerpt":{"rendered":"<p>O telespectador ligado na TV Cultura durante toda a quarta-feira, 28 de outubro, ter\u00e1 a chance de conhecer aplaudidas anima\u00e7\u00f5es, em comemora\u00e7\u00e3o ao Dia Internacional da Anima\u00e7\u00e3o. Entre um programa e outro, por 24 horas, ser\u00e3o exibidos, em car\u00e1ter rand\u00f4mico, Caquinhas Asfalto, Kone e Dorfe no Mundo das Alcachofras, E o vento me levou!, Seu [&hellip;]<\/p>\n","protected":false},"author":3,"featured_media":0,"comment_status":"open","ping_status":"open","sticky":false,"template":"","format":"standard","meta":{"tdm_status":"","tdm_grid_status":"","footnotes":""},"categories":[343],"tags":[],"class_list":{"0":"post-15100","1":"post","2":"type-post","3":"status-publish","4":"format-standard","6":"category-televisao"},"_links":{"self":[{"href":"https:\/\/migracao.redenoticia.com.br\/noticia\/wp-json\/wp\/v2\/posts\/15100","targetHints":{"allow":["GET"]}}],"collection":[{"href":"https:\/\/migracao.redenoticia.com.br\/noticia\/wp-json\/wp\/v2\/posts"}],"about":[{"href":"https:\/\/migracao.redenoticia.com.br\/noticia\/wp-json\/wp\/v2\/types\/post"}],"author":[{"embeddable":true,"href":"https:\/\/migracao.redenoticia.com.br\/noticia\/wp-json\/wp\/v2\/users\/3"}],"replies":[{"embeddable":true,"href":"https:\/\/migracao.redenoticia.com.br\/noticia\/wp-json\/wp\/v2\/comments?post=15100"}],"version-history":[{"count":0,"href":"https:\/\/migracao.redenoticia.com.br\/noticia\/wp-json\/wp\/v2\/posts\/15100\/revisions"}],"wp:attachment":[{"href":"https:\/\/migracao.redenoticia.com.br\/noticia\/wp-json\/wp\/v2\/media?parent=15100"}],"wp:term":[{"taxonomy":"category","embeddable":true,"href":"https:\/\/migracao.redenoticia.com.br\/noticia\/wp-json\/wp\/v2\/categories?post=15100"},{"taxonomy":"post_tag","embeddable":true,"href":"https:\/\/migracao.redenoticia.com.br\/noticia\/wp-json\/wp\/v2\/tags?post=15100"}],"curies":[{"name":"wp","href":"https:\/\/api.w.org\/{rel}","templated":true}]}}