{"id":151024,"date":"2018-09-05T13:52:50","date_gmt":"2018-09-05T16:52:50","guid":{"rendered":"https:\/\/www.redenoticia.com.br\/noticia\/?p=151024"},"modified":"2018-09-10T17:19:08","modified_gmt":"2018-09-10T20:19:08","slug":"novela-belissima-quem-instalou-bomba-no-carro-de-bia-falcao","status":"publish","type":"post","link":"https:\/\/migracao.redenoticia.com.br\/noticia\/2018\/novela-belissima-quem-instalou-bomba-no-carro-de-bia-falcao\/151024","title":{"rendered":"Novela \u201cBel\u00edssima\u201d: quem instalou bomba no carro de Bia Falc\u00e3o?"},"content":{"rendered":"<p><img loading=\"lazy\" decoding=\"async\" src=\"https:\/\/migracao.redenoticia.com.br\/noticia\/imagens\/babilonia_-Fernanda_Montenegro_Teresa-150x112.jpg\" alt=\"\" width=\"150\" height=\"112\" class=\"alignleft size-thumbnail wp-image-67685\" srcset=\"https:\/\/migracao.redenoticia.com.br\/noticia\/imagens\/babilonia_-Fernanda_Montenegro_Teresa-150x112.jpg 150w, https:\/\/migracao.redenoticia.com.br\/noticia\/imagens\/babilonia_-Fernanda_Montenegro_Teresa-265x198.jpg 265w\" sizes=\"auto, (max-width: 150px) 100vw, 150px\" \/><strong><em>Novela \u201cBel\u00edssima\u201d:<\/em><\/strong> Ao saber que Vit\u00f3ria (Cl\u00e1udia Abreu) pretende fugir para n\u00e3o depor novamente, Bia (Fernanda Montenegro) procura Sabina (Marina Ruy Barbosa) e descobre que ela, Vit\u00f3ria e o tio Tadeu (Thiago Martins) v\u00e3o para Itanha\u00e9m com Pascoal (Reynaldo Gianecchini). Bia manda Medeiros (\u00cdtalo Rossi) avisar \u00e0 promotoria e pega um caro da empresa para seguir Vit\u00f3ria. J\u00falia (Gl\u00f3ria Pires) vai atr\u00e1s dela, no helic\u00f3ptero da Bel\u00edssima e testemunha o acidente. <\/p>\n<p>Os bombeiros n\u00e3o conseguem resgatar Bia. A per\u00edcia descobre uma bomba dentro do ve\u00edculo. A pol\u00edcia investiga quem se aproximou do carro no dia do acidente: Alberto (Alexandre Borges) checou o ve\u00edculo pessoalmente, Cemil (Leopoldo Pacheco) era o respons\u00e1vel por lev\u00e1-lo at\u00e9 a sede dos escrit\u00f3rios. Para ajudar o irm\u00e3o, Narciso (Vladimir Brichta) levou o carro at\u00e9 a sede da empresa, que fica no mesmo pr\u00e9dio da Physical. <\/p>\n<p>Na garagem, Murat (Liam Duarte) e Pascoal (Reynaldo Gianecchini) aguardaram Vit\u00f3ria para fugir. Edmilson (Leonardo Carvalho) estava na garagem namorando os carros. Al\u00e9m dos outros personagens que sumiram no dia do atentado:\u00a0Andr\u00e9 (Marcello Antony),\u00a0Quiqui (Serafim Gonzales), Katina (Irene Ravache) e Mary Montilla (Carmem Ver\u00f4nica).<\/p>\n<p>Destaque &#8211; <\/p>\n<p>(*) edi\u00e7\u00e3o da Rede Globo, Novela \u201cBel\u00edssima\u201d, sujeito a altera\u00e7\u00e3o de data e conte\u00fado.<\/p>\n<p>Simp\u00e1tica, bem-sucedida e discreta, J\u00falia Assump\u00e7\u00e3o \u00e9 presidente da Bel\u00edssima, refer\u00eancia mundial no setor de roupas \u00edntimas. Sua av\u00f3, Bia Falc\u00e3o, a pressiona para se tornar parecida com a m\u00e3e, Stella Assump\u00e7\u00e3o \u2013 que foi uma modelo bastante famosa, mito de beleza na d\u00e9cada de 1960. Fundadora da marca Bel\u00edssima, Stella morreu em um acidente de avi\u00e3o junto com seu marido, deixando \u00f3rf\u00e3os J\u00falia e Pedro. Desde ent\u00e3o, Bia Falc\u00e3o se tornou respons\u00e1vel pelos dois, tendo-os criado. At\u00e9 hoje tenta controlar a vida deles. Em casa, J\u00falia s\u00f3 encontra apoio no tio, Argemiro Falc\u00e3o, vulgo Gigi, e na governanta, Matilde. Bia faz de tudo para J\u00falia se sentir culpada pela morte dos pais.<\/p>\n<p>A vil\u00e3 far\u00e1 de tudo para acabar com os romances de Pedro com Vit\u00f3ria, uma ex- menina de rua que ele escolheu para ser sua esposa, com quem tem uma filha, e Vit\u00f3ria ser\u00e1 perseguida pela vil\u00e3 durante toda a trama, por\u00e9m, sem perder a fibra e a coragem; e de J\u00falia com Andr\u00e9 Santana. Este, apesar de n\u00e3o parecer inicialmente, \u00e9 um grande e terr\u00edvel vil\u00e3o, diab\u00f3lico e ambicioso, que almeja ser dono da Bel\u00edssima em conjunto com seu pai, Aquilino Santana, o seu Quiqui, que aparenta ser um bom velhinho, mas \u00e9, na verdade, um bandido da pior esp\u00e9cie, ex-matador de aluguel. Andr\u00e9 vai se envolver com J\u00falia e com a filha de J\u00falia, \u00c9rica, uma mulher f\u00fatil e perversa como a bisav\u00f3 Bia Falc\u00e3o. \u00c9rica \u00e9 aspirante a modelo.<\/p>\n","protected":false},"excerpt":{"rendered":"<p>Novela \u201cBel\u00edssima\u201d: Ao saber que Vit\u00f3ria (Cl\u00e1udia Abreu) pretende fugir para n\u00e3o depor novamente, Bia (Fernanda Montenegro) procura Sabina (Marina Ruy Barbosa) e descobre que ela, Vit\u00f3ria e o tio Tadeu (Thiago Martins) v\u00e3o para Itanha\u00e9m com Pascoal (Reynaldo Gianecchini). Bia manda Medeiros (\u00cdtalo Rossi) avisar \u00e0 promotoria e pega um caro da empresa para [&hellip;]<\/p>\n","protected":false},"author":2,"featured_media":67685,"comment_status":"open","ping_status":"closed","sticky":false,"template":"","format":"standard","meta":{"tdm_status":"","tdm_grid_status":"","footnotes":""},"categories":[485,388,379,375,343],"tags":[440],"class_list":{"0":"post-151024","1":"post","2":"type-post","3":"status-publish","4":"format-standard","5":"has-post-thumbnail","7":"category-belissima","8":"category-destaques","9":"category-novelas","10":"category-rede-globo","11":"category-televisao","12":"tag-noticia-novela"},"_links":{"self":[{"href":"https:\/\/migracao.redenoticia.com.br\/noticia\/wp-json\/wp\/v2\/posts\/151024","targetHints":{"allow":["GET"]}}],"collection":[{"href":"https:\/\/migracao.redenoticia.com.br\/noticia\/wp-json\/wp\/v2\/posts"}],"about":[{"href":"https:\/\/migracao.redenoticia.com.br\/noticia\/wp-json\/wp\/v2\/types\/post"}],"author":[{"embeddable":true,"href":"https:\/\/migracao.redenoticia.com.br\/noticia\/wp-json\/wp\/v2\/users\/2"}],"replies":[{"embeddable":true,"href":"https:\/\/migracao.redenoticia.com.br\/noticia\/wp-json\/wp\/v2\/comments?post=151024"}],"version-history":[{"count":0,"href":"https:\/\/migracao.redenoticia.com.br\/noticia\/wp-json\/wp\/v2\/posts\/151024\/revisions"}],"wp:featuredmedia":[{"embeddable":true,"href":"https:\/\/migracao.redenoticia.com.br\/noticia\/wp-json\/wp\/v2\/media\/67685"}],"wp:attachment":[{"href":"https:\/\/migracao.redenoticia.com.br\/noticia\/wp-json\/wp\/v2\/media?parent=151024"}],"wp:term":[{"taxonomy":"category","embeddable":true,"href":"https:\/\/migracao.redenoticia.com.br\/noticia\/wp-json\/wp\/v2\/categories?post=151024"},{"taxonomy":"post_tag","embeddable":true,"href":"https:\/\/migracao.redenoticia.com.br\/noticia\/wp-json\/wp\/v2\/tags?post=151024"}],"curies":[{"name":"wp","href":"https:\/\/api.w.org\/{rel}","templated":true}]}}