{"id":15106,"date":"2009-10-23T16:01:00","date_gmt":"2009-10-23T20:01:00","guid":{"rendered":"http:\/\/www.redenoticia.com.br\/noticia\/?p=15106"},"modified":"2009-10-23T16:01:00","modified_gmt":"2009-10-23T20:01:00","slug":"tva-apoia-projeto-teletom-2009","status":"publish","type":"post","link":"https:\/\/migracao.redenoticia.com.br\/noticia\/2009\/tva-apoia-projeto-teletom-2009\/15106","title":{"rendered":"TVA ap\u00f3ia projeto Teletom 2009"},"content":{"rendered":"<p>A <strong>TVA<\/strong>, engajada com as quest\u00f5es e iniciativas sociais, ap\u00f3ia novamente o Projeto <strong>Teletom<\/strong>, evento realizado pela <strong>AACD<\/strong> &#8211; Associa\u00e7\u00e3o de Assist\u00eancia \u00e0 Crian\u00e7a Deficiente, que tem a sua 12\u00aa edi\u00e7\u00e3o acontecendo hoje, 23 de outubro, e amanh\u00e3, dia 24, nos est\u00fadios do <strong>SBT<\/strong> (Sistema Brasileiro de Televis\u00e3o) em S\u00e3o Paulo. A participa\u00e7\u00e3o da TVA ser\u00e1 ativa com a divulga\u00e7\u00e3o do evento aos seus assinantes e funcion\u00e1rios. Entre as a\u00e7\u00f5es de comunica\u00e7\u00e3o para a base de clientes est\u00e3o a exibi\u00e7\u00e3o do filme da campanha no Canal Imagine TV al\u00e9m da veicula\u00e7\u00e3o no site da TVA &#8211; www.tva.com.br &#8211; canais de comunica\u00e7\u00e3o estes rec\u00e9m reformulados pela operadora.<\/p>\n<p>Considerado uma das principais a\u00e7\u00f5es de mobiliza\u00e7\u00e3o do Pa\u00eds, o Projeto Teleton ter\u00e1 programa\u00e7\u00e3o de mais de 24 horas e participa\u00e7\u00e3o de empres\u00e1rios, artistas, executivos entre outros formadores de opini\u00e3o apoiadores da iniciativa. A meta de arrecada\u00e7\u00e3o deste ano \u00e9 superar os cerca de R$ 19 milh\u00f5es que foram destinados \u00e0 AACD no ano passado e investi-los na constru\u00e7\u00e3o de uma nova unidade de atendimento e na manuten\u00e7\u00e3o das nove outras unidades da AACD distribu\u00eddas pelo Brasil.<\/p>\n<p>Sobre TVA<\/p>\n<p>A TVA \u00e9 uma operadora de multisservi\u00e7os, que tem como s\u00f3cios os grupos Abril e Telef\u00f4nica, e que apresenta, constantemente, inova\u00e7\u00f5es tecnol\u00f3gicas que antecipam as necessidades dos clientes e oferecem flexibilidade de escolha.<\/p>\n<p>A companhia sempre valorizou e investiu em tecnologias de ponta, o que t\u00eam permitido a expans\u00e3o de seus produtos e servi\u00e7os, como as opera\u00e7\u00f5es digitais em TV por assinatura via cabo e MMDS.<\/p>\n<p>A inova\u00e7\u00e3o e o pioneirismo fazem parte do DNA da TVA, que foi a primeira empresa a oferecer TV por assinatura digital via cabo no Brasil, em 2004; trouxe para o mercado nacional produtos como a TVA Port\u00e1til (Slingbox) e transmitiu com exclusividade em high definition da Copa do Mundo 2006, com oferta de um set-top box de alta defini\u00e7\u00e3o.<\/p>\n<p>Em fevereiro de 2009 lan\u00e7ou, em parceria com a Telef\u00f4nica, a TVA Xtreme, TV sobre Fibra \u00d3ptica que permite acesso aos mais de 110 canais da TVA Digital, canais abertos em alta defini\u00e7\u00e3o, a maior oferta de conte\u00fados HD que o mercado oferece e a servi\u00e7os interativos no Xtreme Live. Os servi\u00e7os interativos possibilitam ao assinante navegar por meio do controle remoto e obter informa\u00e7\u00f5es em tempo real sobre esportes, not\u00edcias, meteorologia, entre outros.<\/p>\n","protected":false},"excerpt":{"rendered":"<p>A TVA, engajada com as quest\u00f5es e iniciativas sociais, ap\u00f3ia novamente o Projeto Teletom, evento realizado pela AACD &#8211; Associa\u00e7\u00e3o de Assist\u00eancia \u00e0 Crian\u00e7a Deficiente, que tem a sua 12\u00aa edi\u00e7\u00e3o acontecendo hoje, 23 de outubro, e amanh\u00e3, dia 24, nos est\u00fadios do SBT (Sistema Brasileiro de Televis\u00e3o) em S\u00e3o Paulo. A participa\u00e7\u00e3o da TVA [&hellip;]<\/p>\n","protected":false},"author":3,"featured_media":0,"comment_status":"open","ping_status":"open","sticky":false,"template":"","format":"standard","meta":{"tdm_status":"","tdm_grid_status":"","footnotes":""},"categories":[372,343],"tags":[],"class_list":{"0":"post-15106","1":"post","2":"type-post","3":"status-publish","4":"format-standard","6":"category-sbt","7":"category-televisao"},"_links":{"self":[{"href":"https:\/\/migracao.redenoticia.com.br\/noticia\/wp-json\/wp\/v2\/posts\/15106","targetHints":{"allow":["GET"]}}],"collection":[{"href":"https:\/\/migracao.redenoticia.com.br\/noticia\/wp-json\/wp\/v2\/posts"}],"about":[{"href":"https:\/\/migracao.redenoticia.com.br\/noticia\/wp-json\/wp\/v2\/types\/post"}],"author":[{"embeddable":true,"href":"https:\/\/migracao.redenoticia.com.br\/noticia\/wp-json\/wp\/v2\/users\/3"}],"replies":[{"embeddable":true,"href":"https:\/\/migracao.redenoticia.com.br\/noticia\/wp-json\/wp\/v2\/comments?post=15106"}],"version-history":[{"count":0,"href":"https:\/\/migracao.redenoticia.com.br\/noticia\/wp-json\/wp\/v2\/posts\/15106\/revisions"}],"wp:attachment":[{"href":"https:\/\/migracao.redenoticia.com.br\/noticia\/wp-json\/wp\/v2\/media?parent=15106"}],"wp:term":[{"taxonomy":"category","embeddable":true,"href":"https:\/\/migracao.redenoticia.com.br\/noticia\/wp-json\/wp\/v2\/categories?post=15106"},{"taxonomy":"post_tag","embeddable":true,"href":"https:\/\/migracao.redenoticia.com.br\/noticia\/wp-json\/wp\/v2\/tags?post=15106"}],"curies":[{"name":"wp","href":"https:\/\/api.w.org\/{rel}","templated":true}]}}