{"id":151065,"date":"2018-09-06T00:49:21","date_gmt":"2018-09-06T03:49:21","guid":{"rendered":"https:\/\/www.redenoticia.com.br\/noticia\/?p=151065"},"modified":"2018-09-06T00:49:21","modified_gmt":"2018-09-06T03:49:21","slug":"precos-de-commodities-sobem-083-em-agosto","status":"publish","type":"post","link":"https:\/\/migracao.redenoticia.com.br\/noticia\/2018\/precos-de-commodities-sobem-083-em-agosto\/151065","title":{"rendered":"Pre\u00e7os de commodities sobem 0,83% em agosto"},"content":{"rendered":"<p> Os <strong><em>pre\u00e7os das commodities<\/em><\/strong>, produtos prim\u00e1rios com cota\u00e7\u00e3o internacional, subiram em agosto. O \u00cdndice de Commodities Brasil (IC-Br), calculado mensalmente pelo Banco Central (BC), registrou alta de 0,83% na compara\u00e7\u00e3o com julho.<\/p>\n<p>Em 12 meses encerrados em agosto, o \u00edndice teve crescimento de 28,82% e, no acumulado do ano, alta de 17,11%.<\/p>\n<p>O IC-Br \u00e9 calculado com base na varia\u00e7\u00e3o em reais dos pre\u00e7os de produtos prim\u00e1rios (commodities) brasileiros negociados no exterior.<\/p>\n<p>O BC observa os produtos que s\u00e3o relevantes para a din\u00e2mica dos pre\u00e7os no Brasil.<\/p>\n<p>Em agosto, o segmento de energia (petr\u00f3leo, g\u00e1s natural e carv\u00e3o) apresentou alta de 2,51%.<\/p>\n<p>No caso dos metais (alum\u00ednio, min\u00e9rio de ferro, cobre, estanho, zinco, chumbo, n\u00edquel, ouro e prata), houve queda de 0,72%.<\/p>\n<p>O segmento agropecu\u00e1rio (carne de boi, algod\u00e3o, \u00f3leo de soja, trigo, a\u00e7\u00facar, milho, caf\u00e9, arroz, carne de porco, cacau e suco de laranja) anotou alta de 0,61%, no m\u00eas.<\/p>\n<p>O \u00edndice internacional de pre\u00e7os de commodities CRB, calculado pelo Commodity Research Bureau, registrou queda de 1,15% no m\u00eas passado, alta de 15,97% no acumulado do ano e crescimento de 18,84% em 12 meses.<\/p>\n<p>Kelly Oliveira \u2013 Rep\u00f3rter da Ag\u00eancia Brasil<br \/>\nEdi\u00e7\u00e3o: Kleber Sampaio<br \/>\n06\/09\/2018<\/p>\n","protected":false},"excerpt":{"rendered":"<p>Os pre\u00e7os das commodities, produtos prim\u00e1rios com cota\u00e7\u00e3o internacional, subiram em agosto. O \u00cdndice de Commodities Brasil (IC-Br), calculado mensalmente pelo Banco Central (BC), registrou alta de 0,83% na compara\u00e7\u00e3o com julho. Em 12 meses encerrados em agosto, o \u00edndice teve crescimento de 28,82% e, no acumulado do ano, alta de 17,11%. O IC-Br \u00e9 [&hellip;]<\/p>\n","protected":false},"author":2,"featured_media":148164,"comment_status":"open","ping_status":"closed","sticky":false,"template":"","format":"standard","meta":{"tdm_status":"","tdm_grid_status":"","footnotes":""},"categories":[22,7],"tags":[],"class_list":{"0":"post-151065","1":"post","2":"type-post","3":"status-publish","4":"format-standard","5":"has-post-thumbnail","7":"category-brasil","8":"category-economia"},"_links":{"self":[{"href":"https:\/\/migracao.redenoticia.com.br\/noticia\/wp-json\/wp\/v2\/posts\/151065","targetHints":{"allow":["GET"]}}],"collection":[{"href":"https:\/\/migracao.redenoticia.com.br\/noticia\/wp-json\/wp\/v2\/posts"}],"about":[{"href":"https:\/\/migracao.redenoticia.com.br\/noticia\/wp-json\/wp\/v2\/types\/post"}],"author":[{"embeddable":true,"href":"https:\/\/migracao.redenoticia.com.br\/noticia\/wp-json\/wp\/v2\/users\/2"}],"replies":[{"embeddable":true,"href":"https:\/\/migracao.redenoticia.com.br\/noticia\/wp-json\/wp\/v2\/comments?post=151065"}],"version-history":[{"count":0,"href":"https:\/\/migracao.redenoticia.com.br\/noticia\/wp-json\/wp\/v2\/posts\/151065\/revisions"}],"wp:featuredmedia":[{"embeddable":true,"href":"https:\/\/migracao.redenoticia.com.br\/noticia\/wp-json\/wp\/v2\/media\/148164"}],"wp:attachment":[{"href":"https:\/\/migracao.redenoticia.com.br\/noticia\/wp-json\/wp\/v2\/media?parent=151065"}],"wp:term":[{"taxonomy":"category","embeddable":true,"href":"https:\/\/migracao.redenoticia.com.br\/noticia\/wp-json\/wp\/v2\/categories?post=151065"},{"taxonomy":"post_tag","embeddable":true,"href":"https:\/\/migracao.redenoticia.com.br\/noticia\/wp-json\/wp\/v2\/tags?post=151065"}],"curies":[{"name":"wp","href":"https:\/\/api.w.org\/{rel}","templated":true}]}}