{"id":15108,"date":"2009-10-23T15:59:44","date_gmt":"2009-10-23T19:59:44","guid":{"rendered":"http:\/\/www.redenoticia.com.br\/noticia\/?p=15108"},"modified":"2009-10-23T15:59:44","modified_gmt":"2009-10-23T19:59:44","slug":"domingo-espetacular-exibe-documentario-inedito-na-televisao-brasileira","status":"publish","type":"post","link":"https:\/\/migracao.redenoticia.com.br\/noticia\/2009\/domingo-espetacular-exibe-documentario-inedito-na-televisao-brasileira\/15108","title":{"rendered":"Domingo Espetacular exibe document\u00e1rio in\u00e9dito na televis\u00e3o brasileira"},"content":{"rendered":"<p>Na tarde do pr\u00f3ximo domingo, dia 25\/10, \u00e0s 17h, a revista eletr\u00f4nica da <strong>Record <\/strong>apresenta um document\u00e1rio in\u00e9dito sobre o treinamento e a a\u00e7\u00e3o dos agentes do <strong>BOPE<\/strong> (Batalh\u00e3o de Opera\u00e7\u00f5es Policiais Especiais), a <strong>tropa de elite<\/strong> da pol\u00edcia do Rio de Janeiro. O <strong>Domingo Espetacular<\/strong> mostra a hist\u00f3ria de Chris Ryan. Ele atuou no S.A.S., o servi\u00e7o especial a\u00e9reo, tropa de elite das for\u00e7as armadas da Inglaterra. Chris lutou em pa\u00edses como Iraque, Zaire e Serra Leoa. Agora, desembarca no Rio de Janeiro para conhecer e treinar com o BOPE e acompanhar a for\u00e7a policial que est\u00e1 na linha de frente da guerra dos morros. Por\u00e9m, Chris s\u00f3 vai acompanhar as opera\u00e7\u00f5es se provar que tem condi\u00e7\u00f5es de fazer parte do time do BOPE. Ele tem sete dias para provar isso. Chris \u00e9 o narrador de tudo o que vai experimentar. Al\u00e9m do treinamento, o document\u00e1rio exibe o plano de a\u00e7\u00e3o da tropa de elite carioca. Ap\u00f3s passar no teste, o material in\u00e9dito exibe a hora da verdade para o ingl\u00eas. Ele veste o uniforme do BOPE e enfrenta uma guerra contra o Comando Vermelho, a organiza\u00e7\u00e3o criminosa mais poderosa do Rio.<\/p>\n<p>O Domingo Espetacular exibe tamb\u00e9m imagens exclusivas da pris\u00e3o do ex-promotor Igor Ferreira da Silva, acusado e condenado pela morte da mulher, Patr\u00edcia Aggio Longo, que estava gr\u00e1vida de sete meses. Como ele passou oito anos escondido? O que se passa na mente de algu\u00e9m que fugiu da pol\u00edcia durante tanto tempo?<\/p>\n<p>Apresentado por Paulo Henrique Amorim, Janine Borba e Fabiana Scaranzi, o jornal\u00edstico revela a lista dos presentes mais caros do mundo. Os rep\u00f3rteres da atra\u00e7\u00e3o mostram quais s\u00e3o os objetos de desejo dos milion\u00e1rios. Na lista, consta um celular de R$ 2 milh\u00f5es, uma coleira de diamantes e muito mais.<\/p>\n<p>No quadro &#8220;Dr. Pet&#8221;, Alexandre Rossi tem a dif\u00edcil miss\u00e3o de fazer as pazes entre dois c\u00e3es enormes, da mesma ra\u00e7a, mas inimigos mortais. Ser\u00e1 que ele consegue solucionar mais esse problema?<\/p>\n<p>O Domingo Espetacular vai ao ar \u00e0s 17h.<\/p>\n","protected":false},"excerpt":{"rendered":"<p>Na tarde do pr\u00f3ximo domingo, dia 25\/10, \u00e0s 17h, a revista eletr\u00f4nica da Record apresenta um document\u00e1rio in\u00e9dito sobre o treinamento e a a\u00e7\u00e3o dos agentes do BOPE (Batalh\u00e3o de Opera\u00e7\u00f5es Policiais Especiais), a tropa de elite da pol\u00edcia do Rio de Janeiro. O Domingo Espetacular mostra a hist\u00f3ria de Chris Ryan. Ele atuou no [&hellip;]<\/p>\n","protected":false},"author":3,"featured_media":0,"comment_status":"open","ping_status":"open","sticky":false,"template":"","format":"standard","meta":{"tdm_status":"","tdm_grid_status":"","footnotes":""},"categories":[371,343],"tags":[],"class_list":{"0":"post-15108","1":"post","2":"type-post","3":"status-publish","4":"format-standard","6":"category-rede-record","7":"category-televisao"},"_links":{"self":[{"href":"https:\/\/migracao.redenoticia.com.br\/noticia\/wp-json\/wp\/v2\/posts\/15108","targetHints":{"allow":["GET"]}}],"collection":[{"href":"https:\/\/migracao.redenoticia.com.br\/noticia\/wp-json\/wp\/v2\/posts"}],"about":[{"href":"https:\/\/migracao.redenoticia.com.br\/noticia\/wp-json\/wp\/v2\/types\/post"}],"author":[{"embeddable":true,"href":"https:\/\/migracao.redenoticia.com.br\/noticia\/wp-json\/wp\/v2\/users\/3"}],"replies":[{"embeddable":true,"href":"https:\/\/migracao.redenoticia.com.br\/noticia\/wp-json\/wp\/v2\/comments?post=15108"}],"version-history":[{"count":0,"href":"https:\/\/migracao.redenoticia.com.br\/noticia\/wp-json\/wp\/v2\/posts\/15108\/revisions"}],"wp:attachment":[{"href":"https:\/\/migracao.redenoticia.com.br\/noticia\/wp-json\/wp\/v2\/media?parent=15108"}],"wp:term":[{"taxonomy":"category","embeddable":true,"href":"https:\/\/migracao.redenoticia.com.br\/noticia\/wp-json\/wp\/v2\/categories?post=15108"},{"taxonomy":"post_tag","embeddable":true,"href":"https:\/\/migracao.redenoticia.com.br\/noticia\/wp-json\/wp\/v2\/tags?post=15108"}],"curies":[{"name":"wp","href":"https:\/\/api.w.org\/{rel}","templated":true}]}}