{"id":151100,"date":"2018-09-06T11:04:32","date_gmt":"2018-09-06T14:04:32","guid":{"rendered":"https:\/\/www.redenoticia.com.br\/noticia\/?p=151100"},"modified":"2018-09-06T13:49:50","modified_gmt":"2018-09-06T16:49:50","slug":"resumo-novela-carrossel-07-09-cirilo-flagra-daniel-a-entregar-flores-a-maria-joaquina","status":"publish","type":"post","link":"https:\/\/migracao.redenoticia.com.br\/noticia\/2018\/resumo-novela-carrossel-07-09-cirilo-flagra-daniel-a-entregar-flores-a-maria-joaquina\/151100","title":{"rendered":"Resumo novela \u201cCarrossel\u201d 07\/09: Cirilo pede para Daniel trocar de dupla com ele"},"content":{"rendered":"<p><img loading=\"lazy\" decoding=\"async\" class=\"alignleft size-thumbnail wp-image-148668\" src=\"https:\/\/migracao.redenoticia.com.br\/noticia\/imagens\/carrossel-150x112.jpg\" alt=\"\" width=\"150\" height=\"112\" srcset=\"https:\/\/migracao.redenoticia.com.br\/noticia\/imagens\/carrossel-150x112.jpg 150w, https:\/\/migracao.redenoticia.com.br\/noticia\/imagens\/carrossel-265x198.jpg 265w, https:\/\/migracao.redenoticia.com.br\/noticia\/imagens\/carrossel-485x360.jpg 485w\" sizes=\"auto, (max-width: 150px) 100vw, 150px\" \/><strong><em>Resumo novela \u201cCarrossel\u201d 07\/09 <\/em><\/strong>: no cap\u00edtulo 025(*) da novela \u201cCarrossel\u201d, sexta-feira, 07 de setembro, Ol\u00edvia est\u00e1 com o dedo preso na ratoeira. Matilde fica confusa, tenta se explicar. Ol\u00edvia acredita que foram os alunos do terceiro ano que colocaram a ratoeira no piano. Matilde fica quieta, omissa. Gra\u00e7a tira a ratoeira do dedo de Ol\u00edvia. Firmino faz curativo na diretora. Maria Joaquina afirma a Helena que n\u00e3o gosta de pessoas diferentes dela. <\/p>\n<p>Helena a aconselha que \u00e9 preciso aceitar a diferen\u00e7a das pessoas para ter uma boa conviv\u00eancia. Cirilo pede para Daniel trocar de dupla com ele, pois assim ele pesquisaria ao lado de Maria Joaquina. Helena ri ao comentar com sua m\u00e3e que Ol\u00edvia prendeu o dedo numa ratoeira. Helena afirma que \u00e9 dif\u00edcil conviver com a diretora. No dia seguinte, Helena e alunos fazem excurs\u00e3o com o prop\u00f3sito de estudar o meio ambiente, os insetos. Ela divide os alunos nas duplas que sorteou para fotografar os insetos. <\/p>\n<p>Ol\u00edvia conta a Matilde que a lanchonete vai come\u00e7ar a vender doces, pois assim dar\u00e1 lucro. A diretora afirma que os dias de Helena est\u00e3o contados, pois a professora ser\u00e1 derrotada pelos alunos. Durante a pesquisa no parque, Davi comenta com Jaime e Laura que n\u00e3o sabe mais o que fazer para agradar Val\u00e9ria. Marcelina afirma a Val\u00e9ria que ela est\u00e1 exagerando por maltratar Davi. Cirilo flagra Daniel entregando flores a Maria Joaquina e fica enciumado.<\/p>\n<p>(*) edi\u00e7\u00e3o do SBT, Novela \u201cCarrossel\u201d, sujeito a altera\u00e7\u00e3o de data e conte\u00fado.<\/p>\n","protected":false},"excerpt":{"rendered":"<p>Resumo novela \u201cCarrossel\u201d 07\/09 : no cap\u00edtulo 025(*) da novela \u201cCarrossel\u201d, sexta-feira, 07 de setembro, Ol\u00edvia est\u00e1 com o dedo preso na ratoeira. Matilde fica confusa, tenta se explicar. Ol\u00edvia acredita que foram os alunos do terceiro ano que colocaram a ratoeira no piano. Matilde fica quieta, omissa. Gra\u00e7a tira a ratoeira do dedo de [&hellip;]<\/p>\n","protected":false},"author":4,"featured_media":148667,"comment_status":"open","ping_status":"closed","sticky":false,"template":"","format":"standard","meta":{"tdm_status":"","tdm_grid_status":"","footnotes":""},"categories":[503,379,372,343],"tags":[441],"class_list":{"0":"post-151100","1":"post","2":"type-post","3":"status-publish","4":"format-standard","5":"has-post-thumbnail","7":"category-carrossel","8":"category-novelas","9":"category-sbt","10":"category-televisao","11":"tag-resumo-do-dia"},"_links":{"self":[{"href":"https:\/\/migracao.redenoticia.com.br\/noticia\/wp-json\/wp\/v2\/posts\/151100","targetHints":{"allow":["GET"]}}],"collection":[{"href":"https:\/\/migracao.redenoticia.com.br\/noticia\/wp-json\/wp\/v2\/posts"}],"about":[{"href":"https:\/\/migracao.redenoticia.com.br\/noticia\/wp-json\/wp\/v2\/types\/post"}],"author":[{"embeddable":true,"href":"https:\/\/migracao.redenoticia.com.br\/noticia\/wp-json\/wp\/v2\/users\/4"}],"replies":[{"embeddable":true,"href":"https:\/\/migracao.redenoticia.com.br\/noticia\/wp-json\/wp\/v2\/comments?post=151100"}],"version-history":[{"count":0,"href":"https:\/\/migracao.redenoticia.com.br\/noticia\/wp-json\/wp\/v2\/posts\/151100\/revisions"}],"wp:featuredmedia":[{"embeddable":true,"href":"https:\/\/migracao.redenoticia.com.br\/noticia\/wp-json\/wp\/v2\/media\/148667"}],"wp:attachment":[{"href":"https:\/\/migracao.redenoticia.com.br\/noticia\/wp-json\/wp\/v2\/media?parent=151100"}],"wp:term":[{"taxonomy":"category","embeddable":true,"href":"https:\/\/migracao.redenoticia.com.br\/noticia\/wp-json\/wp\/v2\/categories?post=151100"},{"taxonomy":"post_tag","embeddable":true,"href":"https:\/\/migracao.redenoticia.com.br\/noticia\/wp-json\/wp\/v2\/tags?post=151100"}],"curies":[{"name":"wp","href":"https:\/\/api.w.org\/{rel}","templated":true}]}}