{"id":151103,"date":"2018-09-06T11:06:15","date_gmt":"2018-09-06T14:06:15","guid":{"rendered":"https:\/\/www.redenoticia.com.br\/noticia\/?p=151103"},"modified":"2018-09-06T11:06:15","modified_gmt":"2018-09-06T14:06:15","slug":"resumo-novela-que-pobres-tao-ricos-07-09-alex-segue-minerva-com-uma-arma","status":"publish","type":"post","link":"https:\/\/migracao.redenoticia.com.br\/noticia\/2018\/resumo-novela-que-pobres-tao-ricos-07-09-alex-segue-minerva-com-uma-arma\/151103","title":{"rendered":"Resumo novela \u201cQue Pobres T\u00e3o Ricos\u201d 07\/09: Alex segue Minerva com uma arma"},"content":{"rendered":"<p><img loading=\"lazy\" decoding=\"async\" class=\"alignleft size-thumbnail wp-image-148670\" src=\"https:\/\/migracao.redenoticia.com.br\/noticia\/imagens\/que-pobres-tao-ricos-sbt-150x112.jpg\" alt=\"\" width=\"150\" height=\"112\" srcset=\"https:\/\/migracao.redenoticia.com.br\/noticia\/imagens\/que-pobres-tao-ricos-sbt-150x113.jpg 150w, https:\/\/migracao.redenoticia.com.br\/noticia\/imagens\/que-pobres-tao-ricos-sbt-250x187.jpg 250w, https:\/\/migracao.redenoticia.com.br\/noticia\/imagens\/que-pobres-tao-ricos-sbt.jpg 400w, https:\/\/migracao.redenoticia.com.br\/noticia\/imagens\/que-pobres-tao-ricos-sbt-265x198.jpg 265w\" sizes=\"auto, (max-width: 150px) 100vw, 150px\" \/><strong><em>Resumo novela \u201cQue Pobres T\u00e3o Ricos\u201d 07\/09 <\/em><\/strong>: no cap\u00edtulo 035(*) da novela \u201cQue Pobres T\u00e3o Ricos\u201d, resumo de sexta-feira, 07 de setembro, Nepo pede a Miguel \u00c2ngelo que lhe ajude a reconquistar a Lupita, claro que Miguel \u00c2ngelo fica desconcertado com o favor que est\u00e1 pedindo. Miguel \u00c2ngelo n\u00e3o pode ocultar o amor que sente por Lupita e em sinal do carinho que sente, lhe d\u00e1 uma rosa vermelha. Ela simplesmente cai rendida aos seus p\u00e9s por este rom\u00e2ntico detalhe. Alex entra desesperado em seu quarto para buscar uma arma, pois est\u00e1 disposto a matar a Tato por querer roubar o amor de Minerva, mas Vilma pede que se tranquilize para que n\u00e3o v\u00e1 cometer uma loucura.<\/p>\n<p>Carminha recomenda a Lupita que v\u00e1 preparando o terreno para sua fam\u00edlia e para os Ruiz Pal\u00e1cios para lhes confessar seu romance com Miguel \u00c2ngelo. Miguel \u00c2ngelo fala por telefone com Minerva e pede que se vejam no lugar de sempre, pois ningu\u00e9m deve v\u00ea-los, mas Minerva sugere um lugar mais \u00edntimo e solit\u00e1rio. Lupita consegue escutar a conversa e entende mal a situa\u00e7\u00e3o, fica com muito ci\u00fame e com uma grande desilus\u00e3o. Alex e seus c\u00famplices seguem a Minerva e descobre que est\u00e1 com um homem, mas n\u00e3o consegue saber de quem se trata. Alex est\u00e1 disposto a enfrentar cara a cara o covarde que quer roubar o amor de sua mulher.<\/p>\n<p>(*) edi\u00e7\u00e3o do SBT, Novela \u201cQue Pobres T\u00e3o Ricos\u201d, sujeito a altera\u00e7\u00e3o de data e conte\u00fado.<\/p>\n<p>\u201cQue Pobres T\u00e3o Ricos\u201d \u00e9 uma hist\u00f3ria de amor, romance, encontros e desencontros e um sem n\u00famero de divertidos enredos entre duas fam\u00edlias que n\u00e3o tem nada em comum, mas que agora estar\u00e3o obrigadas a conviver na mesma casa. De um lado, os Ruizpalacios, milion\u00e1rios de linhagem, e do outro, os Menchaca, uma cl\u00e1ssica fam\u00edlia de bairro.<\/p>\n<p>Todo come\u00e7ou diante da incapacidade da av\u00f3 Mati Ruizpalacios, de seguir em frente da empresa familiar. E \u00e9 assim que Miguel \u00c2ngelo, seu neto consentido, que leva 11 anos vivendo em Londres, retorna ao M\u00e9xico para a leitura de uma cl\u00e1usula do testamento do seu av\u00f4 Don Aureliano, que dita: &#8220;Herdar\u00e1 o cons\u00f3rcio o primeiro de meus netos que esteja formalmente casado e tenha um filho var\u00e3o&#8221;.<\/p>\n<p>\u00c9 ent\u00e3o que, sem pretender, Miguel \u00c2ngelo ter\u00e1 em seu primo Alejo, um ambicioso inimigo que o envolver\u00e1 em uma fraude, e assim provocar\u00e1 que Miguel \u00c2ngelo e sua fam\u00edlia percam sua fortuna, al\u00e9m de todas suas propriedades, ficando s\u00f3 com um terreno na col\u00f4nia La Nopalera, onde, para sua surpresa, hoje vivem os Menchaca.<\/p>\n","protected":false},"excerpt":{"rendered":"<p>Resumo novela \u201cQue Pobres T\u00e3o Ricos\u201d 07\/09 : no cap\u00edtulo 035(*) da novela \u201cQue Pobres T\u00e3o Ricos\u201d, resumo de sexta-feira, 07 de setembro, Nepo pede a Miguel \u00c2ngelo que lhe ajude a reconquistar a Lupita, claro que Miguel \u00c2ngelo fica desconcertado com o favor que est\u00e1 pedindo. Miguel \u00c2ngelo n\u00e3o pode ocultar o amor que [&hellip;]<\/p>\n","protected":false},"author":4,"featured_media":148670,"comment_status":"open","ping_status":"closed","sticky":false,"template":"","format":"standard","meta":{"tdm_status":"","tdm_grid_status":"","footnotes":""},"categories":[379,372,343],"tags":[441],"class_list":{"0":"post-151103","1":"post","2":"type-post","3":"status-publish","4":"format-standard","5":"has-post-thumbnail","7":"category-novelas","8":"category-sbt","9":"category-televisao","10":"tag-resumo-do-dia"},"_links":{"self":[{"href":"https:\/\/migracao.redenoticia.com.br\/noticia\/wp-json\/wp\/v2\/posts\/151103","targetHints":{"allow":["GET"]}}],"collection":[{"href":"https:\/\/migracao.redenoticia.com.br\/noticia\/wp-json\/wp\/v2\/posts"}],"about":[{"href":"https:\/\/migracao.redenoticia.com.br\/noticia\/wp-json\/wp\/v2\/types\/post"}],"author":[{"embeddable":true,"href":"https:\/\/migracao.redenoticia.com.br\/noticia\/wp-json\/wp\/v2\/users\/4"}],"replies":[{"embeddable":true,"href":"https:\/\/migracao.redenoticia.com.br\/noticia\/wp-json\/wp\/v2\/comments?post=151103"}],"version-history":[{"count":0,"href":"https:\/\/migracao.redenoticia.com.br\/noticia\/wp-json\/wp\/v2\/posts\/151103\/revisions"}],"wp:featuredmedia":[{"embeddable":true,"href":"https:\/\/migracao.redenoticia.com.br\/noticia\/wp-json\/wp\/v2\/media\/148670"}],"wp:attachment":[{"href":"https:\/\/migracao.redenoticia.com.br\/noticia\/wp-json\/wp\/v2\/media?parent=151103"}],"wp:term":[{"taxonomy":"category","embeddable":true,"href":"https:\/\/migracao.redenoticia.com.br\/noticia\/wp-json\/wp\/v2\/categories?post=151103"},{"taxonomy":"post_tag","embeddable":true,"href":"https:\/\/migracao.redenoticia.com.br\/noticia\/wp-json\/wp\/v2\/tags?post=151103"}],"curies":[{"name":"wp","href":"https:\/\/api.w.org\/{rel}","templated":true}]}}