{"id":151105,"date":"2018-09-06T11:07:35","date_gmt":"2018-09-06T14:07:35","guid":{"rendered":"https:\/\/www.redenoticia.com.br\/noticia\/?p=151105"},"modified":"2018-09-06T13:50:44","modified_gmt":"2018-09-06T16:50:44","slug":"resumo-novela-as-aventuras-de-poliana-07-09-luisa-conta-para-durval-que-sr-p-esta-a-procura-la","status":"publish","type":"post","link":"https:\/\/migracao.redenoticia.com.br\/noticia\/2018\/resumo-novela-as-aventuras-de-poliana-07-09-luisa-conta-para-durval-que-sr-p-esta-a-procura-la\/151105","title":{"rendered":"Resumo novela \u201cAs Aventuras de Poliana\u201d 07\/09: S\u00e9rgio \u00e9 promovido"},"content":{"rendered":"<p><img loading=\"lazy\" decoding=\"async\" class=\"alignleft size-thumbnail wp-image-148201\" src=\"https:\/\/migracao.redenoticia.com.br\/noticia\/imagens\/poliana-150x112.jpg\" alt=\"\" width=\"150\" height=\"112\" srcset=\"https:\/\/migracao.redenoticia.com.br\/noticia\/imagens\/poliana-150x112.jpg 150w, https:\/\/migracao.redenoticia.com.br\/noticia\/imagens\/poliana-265x198.jpg 265w, https:\/\/migracao.redenoticia.com.br\/noticia\/imagens\/poliana-485x360.jpg 485w, https:\/\/migracao.redenoticia.com.br\/noticia\/imagens\/poliana-534x400.jpg 534w\" sizes=\"auto, (max-width: 150px) 100vw, 150px\" \/><strong><em>Resumo novela \u201cAs Aventuras de Poliana\u201d 07\/09 <\/em><\/strong>: no cap\u00edtulo 083(*) da novela \u201cAs Aventuras de Poliana\u201d, resumo de sexta-feira, 07 de setembro, Jeferson tem uma surpresa quando o homem tira a m\u00e1scara de Rato na comunidade. Dona Branca recebe uma entrega em casa de um produto que comprou pela internet para aumentar o seu pique para exerc\u00edcios f\u00edsicos. Sophie revela para Iuri que diz ter um noivo apenas para afastar qualquer pessoa que se aproxime dela e de sua banda. Iuri declara para a professora estar apaixonado por ela.<\/p>\n<p>Acontece uma nova reuni\u00e3o com Otto na O11O. S\u00e9rgio \u00e9 promovido para estar \u00e0 frente de um projeto sem precisar da aprova\u00e7\u00e3o de Roger para tomar decis\u00f5es. Lu\u00edsa conta para Durval que Sr. Pendleton est\u00e1 atr\u00e1s dela e que teme que ele saiba sobre Poliana. Roger fica enfurecido com a promo\u00e7\u00e3o de S\u00e9rgio e pede para que Nadine d\u00ea em cima de S\u00e9rgio at\u00e9 ele se abrir para ela.<\/p>\n<p>(*) edi\u00e7\u00e3o do SBT, Novela \u201cAs Aventuras de Poliana\u201d, sujeito a altera\u00e7\u00e3o de data e conte\u00fado.<\/p>\n<p>Poliana \u00e9 uma menina extrovertida e de bom cora\u00e7\u00e3o que viajava o Brasil com seus pais, Lorenzo e Alice, no grupo circense Trupe Vagalume. Aos onze anos a garota v\u00ea seu mundo desabar quando seus pais falecem e ela tem que ir morar em S\u00e3o Paulo com sua tia Lu\u00edsa, uma mulher rica e severa, a qual ela n\u00e3o conhecia e que n\u00e3o queria cuidar dela, embora sinta que \u00e9 sua obriga\u00e7\u00e3o pela alma de sua irm\u00e3. Apesar do jeito da rigidez da tia, Poliana decide ter uma vis\u00e3o positiva e inabal\u00e1vel da vida, mesmo nos momentos de dificuldade, tentando levar um pouco de felicidade para a vida de cada um dos seus novos amigos e vizinhos, como o Sr. Pendleton, um homem rico e infeliz por nunca ter tido filhos. Ela vai estudar no col\u00e9gio de Ruth, uma diretora de bom cora\u00e7\u00e3o que a ajuda a se adaptar, mas tem que lidar com as vilanias de Mirela, garota mais velha que n\u00e3o aceita perder a popularidade para uma novata.<\/p>\n","protected":false},"excerpt":{"rendered":"<p>Resumo novela \u201cAs Aventuras de Poliana\u201d 07\/09 : no cap\u00edtulo 083(*) da novela \u201cAs Aventuras de Poliana\u201d, resumo de sexta-feira, 07 de setembro, Jeferson tem uma surpresa quando o homem tira a m\u00e1scara de Rato na comunidade. Dona Branca recebe uma entrega em casa de um produto que comprou pela internet para aumentar o seu [&hellip;]<\/p>\n","protected":false},"author":4,"featured_media":148663,"comment_status":"open","ping_status":"closed","sticky":false,"template":"","format":"standard","meta":{"tdm_status":"","tdm_grid_status":"","footnotes":""},"categories":[477,379,372,343],"tags":[441],"class_list":{"0":"post-151105","1":"post","2":"type-post","3":"status-publish","4":"format-standard","5":"has-post-thumbnail","7":"category-as-aventuras-de-poliana","8":"category-novelas","9":"category-sbt","10":"category-televisao","11":"tag-resumo-do-dia"},"_links":{"self":[{"href":"https:\/\/migracao.redenoticia.com.br\/noticia\/wp-json\/wp\/v2\/posts\/151105","targetHints":{"allow":["GET"]}}],"collection":[{"href":"https:\/\/migracao.redenoticia.com.br\/noticia\/wp-json\/wp\/v2\/posts"}],"about":[{"href":"https:\/\/migracao.redenoticia.com.br\/noticia\/wp-json\/wp\/v2\/types\/post"}],"author":[{"embeddable":true,"href":"https:\/\/migracao.redenoticia.com.br\/noticia\/wp-json\/wp\/v2\/users\/4"}],"replies":[{"embeddable":true,"href":"https:\/\/migracao.redenoticia.com.br\/noticia\/wp-json\/wp\/v2\/comments?post=151105"}],"version-history":[{"count":0,"href":"https:\/\/migracao.redenoticia.com.br\/noticia\/wp-json\/wp\/v2\/posts\/151105\/revisions"}],"wp:featuredmedia":[{"embeddable":true,"href":"https:\/\/migracao.redenoticia.com.br\/noticia\/wp-json\/wp\/v2\/media\/148663"}],"wp:attachment":[{"href":"https:\/\/migracao.redenoticia.com.br\/noticia\/wp-json\/wp\/v2\/media?parent=151105"}],"wp:term":[{"taxonomy":"category","embeddable":true,"href":"https:\/\/migracao.redenoticia.com.br\/noticia\/wp-json\/wp\/v2\/categories?post=151105"},{"taxonomy":"post_tag","embeddable":true,"href":"https:\/\/migracao.redenoticia.com.br\/noticia\/wp-json\/wp\/v2\/tags?post=151105"}],"curies":[{"name":"wp","href":"https:\/\/api.w.org\/{rel}","templated":true}]}}