{"id":151110,"date":"2018-09-06T11:10:26","date_gmt":"2018-09-06T14:10:26","guid":{"rendered":"https:\/\/www.redenoticia.com.br\/noticia\/?p=151110"},"modified":"2018-09-06T11:10:26","modified_gmt":"2018-09-06T14:10:26","slug":"resumo-novela-belissima-07-09-policia-encontra-uma-bomba-no-carro-de-bia","status":"publish","type":"post","link":"https:\/\/migracao.redenoticia.com.br\/noticia\/2018\/resumo-novela-belissima-07-09-policia-encontra-uma-bomba-no-carro-de-bia\/151110","title":{"rendered":"Resumo novela \u201cBel\u00edssima\u201d 07\/09: Pol\u00edcia encontra uma bomba no carro de Bia"},"content":{"rendered":"<p><img loading=\"lazy\" decoding=\"async\" class=\"alignleft size-thumbnail wp-image-148654\" src=\"https:\/\/migracao.redenoticia.com.br\/noticia\/imagens\/belissima-novela-resumo-150x112.jpg\" alt=\"\" width=\"150\" height=\"112\" srcset=\"https:\/\/migracao.redenoticia.com.br\/noticia\/imagens\/belissima-novela-resumo-150x112.jpg 150w, https:\/\/migracao.redenoticia.com.br\/noticia\/imagens\/belissima-novela-resumo-265x198.jpg 265w\" sizes=\"auto, (max-width: 150px) 100vw, 150px\" \/><strong><em>Resumo novela \u201cBel\u00edssima\u201d 07\/09 <\/em><\/strong>: no cap\u00edtulo 066(*) da novela \u201cBel\u00edssima\u201d, resumo de sexta-feira, 07 de setembro, a pol\u00edcia conta para Gigi que havia uma bomba no carro de Bia, e que a morte dela n\u00e3o foi um acidente. Os policiais pedem para conversar com a fam\u00edlia de Bia, mas Andr\u00e9 explica que preferem consultar um advogado antes. Ornela se prontifica a falar com os policiais. Alberto confessa para Gigi que foi ele quem requisitou o carro para Bia, mas garante que o verificou e que tudo parecia estar bem. Katina pergunta a Narciso se Murat lhe contou algum segredo. Narciso desconversa. Katina fala para Narciso que fez uma coisa feia por culpa dele e de Murat, mas se recusa a contar o que foi. Os policiais perguntam a Ornela se Bia se dava bem com Andr\u00e9. Ornela fica assustada, mas depois afirma que sim. Cemil pede M\u00f4nica em casamento e ela aceita. Mary conta para Alberto que M\u00f4nica reatou o namoro com Cemil e sugere que leve Toninho para morar com ele.<\/p>\n<p>Ornela pergunta a Gigi se tamb\u00e9m desconfia de Andr\u00e9, mas ele desconversa e ela fica intrigada. Alberto fala para M\u00f4nica que vai levar Toninho. M\u00f4nica fica arrasada, mas disfar\u00e7a. Andr\u00e9 tenta encontrar o dossi\u00ea original no quarto de Bia. \u00c9rica encontra Andr\u00e9 no quarto de Bia e pergunta o que ele est\u00e1 fazendo l\u00e1. Andr\u00e9 desconversa. Gigi conta para Djulian que J\u00falia pediu que investigasse a rela\u00e7\u00e3o de um advogado chamado Medeiros com Bia. Djulian afirma que Medeiros \u00e9 um vigarista e se assusta ao ouvir que Bia tinha neg\u00f3cios com ele. Tadeu conta para Vit\u00f3ria que Bia morreu e que J\u00falia est\u00e1 internada numa cl\u00ednica por esgotamento nervoso. Katina conta para Tosca que Peppe confirmou que Murat foi amante de Bia. Toninho chora ao saber que M\u00f4nica n\u00e3o vai com ele para a casa de Alberto. Peppe diz para Murat que precisa conversar sobre Bia Falc\u00e3o.<\/p>\n<p>(*) edi\u00e7\u00e3o da Rede Globo, Novela \u201cBel\u00edssima\u201d, sujeito a altera\u00e7\u00e3o de data e conte\u00fado.<\/p>\n<p>Simp\u00e1tica, bem-sucedida e discreta, J\u00falia Assump\u00e7\u00e3o \u00e9 presidente da Bel\u00edssima, refer\u00eancia mundial no setor de roupas \u00edntimas. Sua av\u00f3, Bia Falc\u00e3o, a pressiona para se tornar parecida com a m\u00e3e, Stella Assump\u00e7\u00e3o \u2013 que foi uma modelo bastante famosa, mito de beleza na d\u00e9cada de 1960. Fundadora da marca Bel\u00edssima, Stella morreu em um acidente de avi\u00e3o junto com seu marido, deixando \u00f3rf\u00e3os J\u00falia e Pedro. Desde ent\u00e3o, Bia Falc\u00e3o se tornou respons\u00e1vel pelos dois, tendo-os criado. At\u00e9 hoje tenta controlar a vida deles. Em casa, J\u00falia s\u00f3 encontra apoio no tio, Argemiro Falc\u00e3o, vulgo Gigi, e na governanta, Matilde. Bia faz de tudo para J\u00falia se sentir culpada pela morte dos pais.<\/p>\n<p>A vil\u00e3 far\u00e1 de tudo para acabar com os romances de Pedro com Vit\u00f3ria, uma ex- menina de rua que ele escolheu para ser sua esposa, com quem tem uma filha, e Vit\u00f3ria ser\u00e1 perseguida pela vil\u00e3 durante toda a trama, por\u00e9m, sem perder a fibra e a coragem; e de J\u00falia com Andr\u00e9 Santana. Este, apesar de n\u00e3o parecer inicialmente, \u00e9 um grande e terr\u00edvel vil\u00e3o, diab\u00f3lico e ambicioso, que almeja ser dono da Bel\u00edssima em conjunto com seu pai, Aquilino Santana, o seu Quiqui, que aparenta ser um bom velhinho, mas \u00e9, na verdade, um bandido da pior esp\u00e9cie, ex-matador de aluguel. Andr\u00e9 vai se envolver com J\u00falia e com a filha de J\u00falia, \u00c9rica, uma mulher f\u00fatil e perversa como a bisav\u00f3 Bia Falc\u00e3o. \u00c9rica \u00e9 aspirante a modelo.<\/p>\n","protected":false},"excerpt":{"rendered":"<p>Resumo novela \u201cBel\u00edssima\u201d 07\/09 : no cap\u00edtulo 066(*) da novela \u201cBel\u00edssima\u201d, resumo de sexta-feira, 07 de setembro, a pol\u00edcia conta para Gigi que havia uma bomba no carro de Bia, e que a morte dela n\u00e3o foi um acidente. Os policiais pedem para conversar com a fam\u00edlia de Bia, mas Andr\u00e9 explica que preferem consultar [&hellip;]<\/p>\n","protected":false},"author":4,"featured_media":148654,"comment_status":"open","ping_status":"closed","sticky":false,"template":"","format":"standard","meta":{"tdm_status":"","tdm_grid_status":"","footnotes":""},"categories":[485,379,375,343],"tags":[441],"class_list":{"0":"post-151110","1":"post","2":"type-post","3":"status-publish","4":"format-standard","5":"has-post-thumbnail","7":"category-belissima","8":"category-novelas","9":"category-rede-globo","10":"category-televisao","11":"tag-resumo-do-dia"},"_links":{"self":[{"href":"https:\/\/migracao.redenoticia.com.br\/noticia\/wp-json\/wp\/v2\/posts\/151110","targetHints":{"allow":["GET"]}}],"collection":[{"href":"https:\/\/migracao.redenoticia.com.br\/noticia\/wp-json\/wp\/v2\/posts"}],"about":[{"href":"https:\/\/migracao.redenoticia.com.br\/noticia\/wp-json\/wp\/v2\/types\/post"}],"author":[{"embeddable":true,"href":"https:\/\/migracao.redenoticia.com.br\/noticia\/wp-json\/wp\/v2\/users\/4"}],"replies":[{"embeddable":true,"href":"https:\/\/migracao.redenoticia.com.br\/noticia\/wp-json\/wp\/v2\/comments?post=151110"}],"version-history":[{"count":0,"href":"https:\/\/migracao.redenoticia.com.br\/noticia\/wp-json\/wp\/v2\/posts\/151110\/revisions"}],"wp:featuredmedia":[{"embeddable":true,"href":"https:\/\/migracao.redenoticia.com.br\/noticia\/wp-json\/wp\/v2\/media\/148654"}],"wp:attachment":[{"href":"https:\/\/migracao.redenoticia.com.br\/noticia\/wp-json\/wp\/v2\/media?parent=151110"}],"wp:term":[{"taxonomy":"category","embeddable":true,"href":"https:\/\/migracao.redenoticia.com.br\/noticia\/wp-json\/wp\/v2\/categories?post=151110"},{"taxonomy":"post_tag","embeddable":true,"href":"https:\/\/migracao.redenoticia.com.br\/noticia\/wp-json\/wp\/v2\/tags?post=151110"}],"curies":[{"name":"wp","href":"https:\/\/api.w.org\/{rel}","templated":true}]}}