{"id":151115,"date":"2018-09-06T11:13:22","date_gmt":"2018-09-06T14:13:22","guid":{"rendered":"https:\/\/www.redenoticia.com.br\/noticia\/?p=151115"},"modified":"2018-09-06T11:13:22","modified_gmt":"2018-09-06T14:13:22","slug":"resumo-novela-orgulho-e-paixao-07-09-mariana-tira-a-peruca-no-altar-da-igreja","status":"publish","type":"post","link":"https:\/\/migracao.redenoticia.com.br\/noticia\/2018\/resumo-novela-orgulho-e-paixao-07-09-mariana-tira-a-peruca-no-altar-da-igreja\/151115","title":{"rendered":"Resumo novela \u201cOrgulho e Paix\u00e3o\u201d 07\/09: Mariana tira a peruca no altar da igreja"},"content":{"rendered":"<p><img loading=\"lazy\" decoding=\"async\" class=\"alignleft size-thumbnail wp-image-148134\" src=\"https:\/\/migracao.redenoticia.com.br\/noticia\/imagens\/orgulho-paixao-resumo-novela-150x112.jpg\" alt=\"\" width=\"150\" height=\"112\" srcset=\"https:\/\/migracao.redenoticia.com.br\/noticia\/imagens\/orgulho-paixao-resumo-novela-150x112.jpg 150w, https:\/\/migracao.redenoticia.com.br\/noticia\/imagens\/orgulho-paixao-resumo-novela-265x198.jpg 265w, https:\/\/migracao.redenoticia.com.br\/noticia\/imagens\/orgulho-paixao-resumo-novela-485x360.jpg 485w\" sizes=\"auto, (max-width: 150px) 100vw, 150px\" \/><strong><em>Resumo novela \u201cOrgulho e Paix\u00e3o\u201d 07\/09 <\/em><\/strong>: no cap\u00edtulo 148(*) da novela \u201cOrgulho e Paix\u00e3o\u201d, resumo de sexta-feira, 07 de setembro, Susana conta a Darcy e Elisabeta que tem provas contra Lady Margareth. Felisberto revela a Mariana que sabia sobre a real identidade de M\u00e1rio. Ernesto e Luccino conversam sobre Ema e Ot\u00e1vio. Darcy leva as provas contra Lady Margareth para Baltazar. Mariana mostra \u00e0s irm\u00e3s que est\u00e1 com os cabelos curtos. Mariana convida Mariko para ser sua madrinha de casamento. Randolfo e Ot\u00e1vio discursam para os soldados, tentando convenc\u00ea-los a ir ao casamento de Brand\u00e3o. Josephine tenta impedir Brand\u00e3o de se casar com Mariana. Mariana tira a peruca no altar da igreja, revelando seus cabelos curtos para todos os convidados da cerim\u00f4nia.<\/p>\n<p>(*) edi\u00e7\u00e3o da Rede Globo, Novela \u201cOrgulho e Paix\u00e3o\u201d, sujeito a altera\u00e7\u00e3o de data e conte\u00fado.<\/p>\n<p>No fict\u00edcio Vale do Caf\u00e9, interior de S\u00e3o Paulo, nossos personagens vivem seus conflitos sociais e de conduta, que sempre se contrap\u00f5em aos desejos pessoais de cada um. Elisabeta (Nathalia Dill) \u00e9 uma mulher \u00e0 frente do seu tempo, com pensamentos igualit\u00e1rios e interesses at\u00edpicos para uma jovem do in\u00edcio do s\u00e9culo XX. Ela deseja trabalhar, conhecer o mundo e \u00e9 incentivada a realizar seus sonhos pelo pai, Felisberto (Tato Gabus Mendes), que vive \u00e0s turras com a mulher, Of\u00e9lia (Vera Holtz), por pensarem diferente sobre a cria\u00e7\u00e3o das filhas. Ao todo, o casal teve cinco mulheres, e cada uma com uma personalidade diferente.<\/p>\n<p>A personagem de Nathalia Dill entrar\u00e1 em conflito quando se apaixonar por Darcy (Thiago Lacerda), um homem de car\u00e1ter e muito sisudo. O amor n\u00e3o \u00e9 \u00e0 primeira vista, j\u00e1 que os dois n\u00e3o se entendem assim que se conhecem. O sentimento de repulsa dar\u00e1 lugar a uma grande paix\u00e3o, que ser\u00e1 negada pelo casal o m\u00e1ximo poss\u00edvel.<\/p>\n","protected":false},"excerpt":{"rendered":"<p>Resumo novela \u201cOrgulho e Paix\u00e3o\u201d 07\/09 : no cap\u00edtulo 148(*) da novela \u201cOrgulho e Paix\u00e3o\u201d, resumo de sexta-feira, 07 de setembro, Susana conta a Darcy e Elisabeta que tem provas contra Lady Margareth. Felisberto revela a Mariana que sabia sobre a real identidade de M\u00e1rio. Ernesto e Luccino conversam sobre Ema e Ot\u00e1vio. Darcy leva [&hellip;]<\/p>\n","protected":false},"author":4,"featured_media":148134,"comment_status":"open","ping_status":"closed","sticky":false,"template":"","format":"standard","meta":{"tdm_status":"","tdm_grid_status":"","footnotes":""},"categories":[379,467,375,343],"tags":[441],"class_list":{"0":"post-151115","1":"post","2":"type-post","3":"status-publish","4":"format-standard","5":"has-post-thumbnail","7":"category-novelas","8":"category-orgulho-e-paixao","9":"category-rede-globo","10":"category-televisao","11":"tag-resumo-do-dia"},"_links":{"self":[{"href":"https:\/\/migracao.redenoticia.com.br\/noticia\/wp-json\/wp\/v2\/posts\/151115","targetHints":{"allow":["GET"]}}],"collection":[{"href":"https:\/\/migracao.redenoticia.com.br\/noticia\/wp-json\/wp\/v2\/posts"}],"about":[{"href":"https:\/\/migracao.redenoticia.com.br\/noticia\/wp-json\/wp\/v2\/types\/post"}],"author":[{"embeddable":true,"href":"https:\/\/migracao.redenoticia.com.br\/noticia\/wp-json\/wp\/v2\/users\/4"}],"replies":[{"embeddable":true,"href":"https:\/\/migracao.redenoticia.com.br\/noticia\/wp-json\/wp\/v2\/comments?post=151115"}],"version-history":[{"count":0,"href":"https:\/\/migracao.redenoticia.com.br\/noticia\/wp-json\/wp\/v2\/posts\/151115\/revisions"}],"wp:featuredmedia":[{"embeddable":true,"href":"https:\/\/migracao.redenoticia.com.br\/noticia\/wp-json\/wp\/v2\/media\/148134"}],"wp:attachment":[{"href":"https:\/\/migracao.redenoticia.com.br\/noticia\/wp-json\/wp\/v2\/media?parent=151115"}],"wp:term":[{"taxonomy":"category","embeddable":true,"href":"https:\/\/migracao.redenoticia.com.br\/noticia\/wp-json\/wp\/v2\/categories?post=151115"},{"taxonomy":"post_tag","embeddable":true,"href":"https:\/\/migracao.redenoticia.com.br\/noticia\/wp-json\/wp\/v2\/tags?post=151115"}],"curies":[{"name":"wp","href":"https:\/\/api.w.org\/{rel}","templated":true}]}}