{"id":151163,"date":"2018-09-08T20:21:34","date_gmt":"2018-09-08T23:21:34","guid":{"rendered":"https:\/\/www.redenoticia.com.br\/noticia\/?p=151163"},"modified":"2018-09-08T20:21:42","modified_gmt":"2018-09-08T23:21:42","slug":"ataque-suspende-temporariamente-a-campanha-de-bolsonaro","status":"publish","type":"post","link":"https:\/\/migracao.redenoticia.com.br\/noticia\/2018\/ataque-suspende-temporariamente-a-campanha-de-bolsonaro\/151163","title":{"rendered":"Ataque suspende temporariamente a campanha de Bolsonaro"},"content":{"rendered":"<p> Diante de seu quadro de sa\u00fade, o candidato <strong><em>Jair Bolsonaro<\/em><\/strong> (PSL) vai ficar afastado da campanha eleitoral, sem previs\u00e3o de voltar \u00e0s ruas no curto prazo. Em um pronunciamento nas redes sociais, o presidente nacional do PSL, Gustavo Bebianno, convocou os seguidores a rezarem por Bolsonaro. \u201cHoje as elei\u00e7\u00f5es n\u00e3o importam. Voc\u00ea que est\u00e1 preocupado com a sa\u00fade do nosso capit\u00e3o n\u00e3o se deixe esmorecer\u201d, apelou.<\/p>\n<p>Bolsonaro dever\u00e1 ficar pelo menos uma semana hospitalizado, segundo os m\u00e9dicos da Santa Casa de Miseric\u00f3rdia de Juiz de Fora, onde foi atendido logo ap\u00f3s a agress\u00e3o. O candidato levou uma facada na regi\u00e3o abdominal, quando fazia campanha na cidade. O agressor, Ad\u00e9lio Bispo de Oliveira, foi preso em flagrante.<\/p>\n<p>O presidente do PSL participava do ato de campanha com Bolsonaro, em Juiz de Fora. Bebianno contou que o candidato \u201cfoi para o meio da multid\u00e3o, como sempre, por vontade pr\u00f3pria, com o peito e o cora\u00e7\u00e3o abertos\u201d. Disse ainda que a campanha de Bolsonaro sabia que o candidato enfrentaria \u201cinimigos ardilosos, incapazes de conviver com o contradit\u00f3rio, avesso \u00e0 real democracia\u201d.<\/p>\n<p>Usando comandos para estimular os apoiadores de Bolsonaro, Bebianno afirmou que o medo n\u00e3o os impedir\u00e1 de cumprir a miss\u00e3o. \u201cMais impactante que as amea\u00e7as \u00e9 a esperan\u00e7a que nos impulsiona\u201d, disse o presidente do PSL, usando a hashtag #OrePorBolsonaro.<\/p>\n<p>Fl\u00e1vio e Eduardo Bolsonaro, filhos do candidato, deixaram a campanha e seguiram para Juiz de Fora. Disputando o Senado, Fl\u00e1vio acompanharia o desfile de 7 de setembro no Rio de Janeiro e depois faria campanha em Rio das Ostras, Campos dos Goytacazes e Itaperuna. Eduardo gravou v\u00eddeo falando da situa\u00e7\u00e3o do pai e escreveu nas redes sociais: \u201cSoldado que vai \u00e0 guerra e tem medo de morrer \u00e9 um covarde\u201d.<\/p>\n<p>Com seis segundos em cada bloco do hor\u00e1rio eleitoral gratuito, Bolsonaro estava investindo nas m\u00eddias sociais e na campanha de rua. Segundo as \u00faltimas pesquisas de inten\u00e7\u00e3o de votos, Bolsonaro lidera a corrida pelo Pal\u00e1cio do Planalto.<\/p>\n<p>O candidato a vice-presidente, General Mour\u00e3o, disse \u00e0 Ag\u00eancia Brasil que o PSL n\u00e3o convocou reuni\u00e3o, mas que, neste momento, \u201co principal \u00e9 organizar o dispositivo\u201d. \u201cO nosso compromisso \u00e9 com o Brasil. Nosso projeto \u00e9 esse. Nada vai nos deter\u201d, afirmou.<\/p>\n<p>Mour\u00e3o recebeu a not\u00edcia da agress\u00e3o quando chegava a Porto Alegre para um congresso de neurocirurgia. Nesta sexta-feira, retornar\u00e1 ao Rio de Janeiro, onde reside. \u201cBolsonaro \u00e9 um homem forte. Vai se restabelecer para ganharmos no primeiro turno\u201d, disse.<\/p>\n<p>Luiza Dame e Gilberto Costa &#8211; Rep\u00f3rteres da Ag\u00eancia Brasil<br \/>\nEdi\u00e7\u00e3o: Sabrina Craide<br \/>\n07\/09\/2018<\/p>\n","protected":false},"excerpt":{"rendered":"<p>Diante de seu quadro de sa\u00fade, o candidato Jair Bolsonaro (PSL) vai ficar afastado da campanha eleitoral, sem previs\u00e3o de voltar \u00e0s ruas no curto prazo. Em um pronunciamento nas redes sociais, o presidente nacional do PSL, Gustavo Bebianno, convocou os seguidores a rezarem por Bolsonaro. \u201cHoje as elei\u00e7\u00f5es n\u00e3o importam. Voc\u00ea que est\u00e1 preocupado [&hellip;]<\/p>\n","protected":false},"author":2,"featured_media":148590,"comment_status":"open","ping_status":"closed","sticky":false,"template":"","format":"standard","meta":{"tdm_status":"","tdm_grid_status":"","footnotes":""},"categories":[22,388],"tags":[],"class_list":{"0":"post-151163","1":"post","2":"type-post","3":"status-publish","4":"format-standard","5":"has-post-thumbnail","7":"category-brasil","8":"category-destaques"},"_links":{"self":[{"href":"https:\/\/migracao.redenoticia.com.br\/noticia\/wp-json\/wp\/v2\/posts\/151163","targetHints":{"allow":["GET"]}}],"collection":[{"href":"https:\/\/migracao.redenoticia.com.br\/noticia\/wp-json\/wp\/v2\/posts"}],"about":[{"href":"https:\/\/migracao.redenoticia.com.br\/noticia\/wp-json\/wp\/v2\/types\/post"}],"author":[{"embeddable":true,"href":"https:\/\/migracao.redenoticia.com.br\/noticia\/wp-json\/wp\/v2\/users\/2"}],"replies":[{"embeddable":true,"href":"https:\/\/migracao.redenoticia.com.br\/noticia\/wp-json\/wp\/v2\/comments?post=151163"}],"version-history":[{"count":0,"href":"https:\/\/migracao.redenoticia.com.br\/noticia\/wp-json\/wp\/v2\/posts\/151163\/revisions"}],"wp:featuredmedia":[{"embeddable":true,"href":"https:\/\/migracao.redenoticia.com.br\/noticia\/wp-json\/wp\/v2\/media\/148590"}],"wp:attachment":[{"href":"https:\/\/migracao.redenoticia.com.br\/noticia\/wp-json\/wp\/v2\/media?parent=151163"}],"wp:term":[{"taxonomy":"category","embeddable":true,"href":"https:\/\/migracao.redenoticia.com.br\/noticia\/wp-json\/wp\/v2\/categories?post=151163"},{"taxonomy":"post_tag","embeddable":true,"href":"https:\/\/migracao.redenoticia.com.br\/noticia\/wp-json\/wp\/v2\/tags?post=151163"}],"curies":[{"name":"wp","href":"https:\/\/api.w.org\/{rel}","templated":true}]}}