{"id":151173,"date":"2018-09-07T19:15:44","date_gmt":"2018-09-07T22:15:44","guid":{"rendered":"https:\/\/www.redenoticia.com.br\/noticia\/?p=151173"},"modified":"2018-09-07T19:15:44","modified_gmt":"2018-09-07T22:15:44","slug":"resumo-novela-orgulho-e-paixao-08-09-darcy-encontra-margareth-desorientada","status":"publish","type":"post","link":"https:\/\/migracao.redenoticia.com.br\/noticia\/2018\/resumo-novela-orgulho-e-paixao-08-09-darcy-encontra-margareth-desorientada\/151173","title":{"rendered":"Resumo novela \u201cOrgulho e Paix\u00e3o\u201d 08\/09: Darcy encontra Margareth desorientada"},"content":{"rendered":"<p> <img loading=\"lazy\" decoding=\"async\" class=\"alignleft size-thumbnail wp-image-148134\" src=\"https:\/\/migracao.redenoticia.com.br\/noticia\/imagens\/orgulho-paixao-resumo-novela-150x112.jpg\" alt=\"\" width=\"150\" height=\"112\" srcset=\"https:\/\/migracao.redenoticia.com.br\/noticia\/imagens\/orgulho-paixao-resumo-novela-150x112.jpg 150w, https:\/\/migracao.redenoticia.com.br\/noticia\/imagens\/orgulho-paixao-resumo-novela-265x198.jpg 265w, https:\/\/migracao.redenoticia.com.br\/noticia\/imagens\/orgulho-paixao-resumo-novela-485x360.jpg 485w\" sizes=\"auto, (max-width: 150px) 100vw, 150px\" \/><strong><em>Resumo novela \u201cOrgulho e Paix\u00e3o\u201d 08\/09 <\/em><\/strong>: no cap\u00edtulo 149(*) da novela \u201cOrgulho e Paix\u00e3o\u201d, resumo de s\u00e1bado, 08 de setembro, Mariana e Brand\u00e3o se casam e deixam a igreja, pilotando duas motocicletas. Baltazar mant\u00e9m Susana e Pet\u00falia presas. Edmundo se desculpa com Cec\u00edlia. Ernesto sofre ao ouvir Ema reclamando de seu casamento para Elisabeta. Pet\u00falia sugere que Susana entregue Lady Margareth \u00e0 Pol\u00edcia. Mariana e Brand\u00e3o se amam. Baltazar avisa a Darcy que Kl\u00e9ber est\u00e1 preso. Darcy se surpreende ao encontrar Lady Margareth desorientada.<\/p>\n<p>(*) edi\u00e7\u00e3o da Rede Globo, Novela \u201cOrgulho e Paix\u00e3o\u201d, sujeito a altera\u00e7\u00e3o de data e conte\u00fado.<\/p>\n<p>No fict\u00edcio Vale do Caf\u00e9, interior de S\u00e3o Paulo, nossos personagens vivem seus conflitos sociais e de conduta, que sempre se contrap\u00f5em aos desejos pessoais de cada um. Elisabeta (Nathalia Dill) \u00e9 uma mulher \u00e0 frente do seu tempo, com pensamentos igualit\u00e1rios e interesses at\u00edpicos para uma jovem do in\u00edcio do s\u00e9culo XX. Ela deseja trabalhar, conhecer o mundo e \u00e9 incentivada a realizar seus sonhos pelo pai, Felisberto (Tato Gabus Mendes), que vive \u00e0s turras com a mulher, Of\u00e9lia (Vera Holtz), por pensarem diferente sobre a cria\u00e7\u00e3o das filhas. Ao todo, o casal teve cinco mulheres, e cada uma com uma personalidade diferente.<\/p>\n<p>A personagem de Nathalia Dill entrar\u00e1 em conflito quando se apaixonar por Darcy (Thiago Lacerda), um homem de car\u00e1ter e muito sisudo. O amor n\u00e3o \u00e9 \u00e0 primeira vista, j\u00e1 que os dois n\u00e3o se entendem assim que se conhecem. O sentimento de repulsa dar\u00e1 lugar a uma grande paix\u00e3o, que ser\u00e1 negada pelo casal o m\u00e1ximo poss\u00edvel.<\/p>\n","protected":false},"excerpt":{"rendered":"<p>Resumo novela \u201cOrgulho e Paix\u00e3o\u201d 08\/09 : no cap\u00edtulo 149(*) da novela \u201cOrgulho e Paix\u00e3o\u201d, resumo de s\u00e1bado, 08 de setembro, Mariana e Brand\u00e3o se casam e deixam a igreja, pilotando duas motocicletas. Baltazar mant\u00e9m Susana e Pet\u00falia presas. Edmundo se desculpa com Cec\u00edlia. Ernesto sofre ao ouvir Ema reclamando de seu casamento para Elisabeta. [&hellip;]<\/p>\n","protected":false},"author":2,"featured_media":149477,"comment_status":"open","ping_status":"closed","sticky":false,"template":"","format":"standard","meta":{"tdm_status":"","tdm_grid_status":"","footnotes":""},"categories":[379,467,375,343],"tags":[441],"class_list":{"0":"post-151173","1":"post","2":"type-post","3":"status-publish","4":"format-standard","5":"has-post-thumbnail","7":"category-novelas","8":"category-orgulho-e-paixao","9":"category-rede-globo","10":"category-televisao","11":"tag-resumo-do-dia"},"_links":{"self":[{"href":"https:\/\/migracao.redenoticia.com.br\/noticia\/wp-json\/wp\/v2\/posts\/151173","targetHints":{"allow":["GET"]}}],"collection":[{"href":"https:\/\/migracao.redenoticia.com.br\/noticia\/wp-json\/wp\/v2\/posts"}],"about":[{"href":"https:\/\/migracao.redenoticia.com.br\/noticia\/wp-json\/wp\/v2\/types\/post"}],"author":[{"embeddable":true,"href":"https:\/\/migracao.redenoticia.com.br\/noticia\/wp-json\/wp\/v2\/users\/2"}],"replies":[{"embeddable":true,"href":"https:\/\/migracao.redenoticia.com.br\/noticia\/wp-json\/wp\/v2\/comments?post=151173"}],"version-history":[{"count":0,"href":"https:\/\/migracao.redenoticia.com.br\/noticia\/wp-json\/wp\/v2\/posts\/151173\/revisions"}],"wp:featuredmedia":[{"embeddable":true,"href":"https:\/\/migracao.redenoticia.com.br\/noticia\/wp-json\/wp\/v2\/media\/149477"}],"wp:attachment":[{"href":"https:\/\/migracao.redenoticia.com.br\/noticia\/wp-json\/wp\/v2\/media?parent=151173"}],"wp:term":[{"taxonomy":"category","embeddable":true,"href":"https:\/\/migracao.redenoticia.com.br\/noticia\/wp-json\/wp\/v2\/categories?post=151173"},{"taxonomy":"post_tag","embeddable":true,"href":"https:\/\/migracao.redenoticia.com.br\/noticia\/wp-json\/wp\/v2\/tags?post=151173"}],"curies":[{"name":"wp","href":"https:\/\/api.w.org\/{rel}","templated":true}]}}