{"id":151197,"date":"2018-09-07T20:06:20","date_gmt":"2018-09-07T23:06:20","guid":{"rendered":"https:\/\/www.redenoticia.com.br\/noticia\/?p=151197"},"modified":"2018-09-10T19:01:37","modified_gmt":"2018-09-10T22:01:37","slug":"novela-essas-mulheres-resumo-10-09-ferreira-chega-na-casa-de-lucia","status":"publish","type":"post","link":"https:\/\/migracao.redenoticia.com.br\/noticia\/2018\/novela-essas-mulheres-resumo-10-09-ferreira-chega-na-casa-de-lucia\/151197","title":{"rendered":"Novela \u201cEssas Mulheres\u201d resumo 10\/09: Ferreira chega na casa de L\u00facia"},"content":{"rendered":"<p> <img loading=\"lazy\" decoding=\"async\" src=\"https:\/\/migracao.redenoticia.com.br\/noticia\/imagens\/essas-mulheres-resumo-novela-150x112.jpg\" alt=\"\" width=\"150\" height=\"112\" class=\"alignleft size-thumbnail wp-image-148140\" srcset=\"https:\/\/migracao.redenoticia.com.br\/noticia\/imagens\/essas-mulheres-resumo-novela-150x112.jpg 150w, https:\/\/migracao.redenoticia.com.br\/noticia\/imagens\/essas-mulheres-resumo-novela-265x198.jpg 265w, https:\/\/migracao.redenoticia.com.br\/noticia\/imagens\/essas-mulheres-resumo-novela-485x360.jpg 485w\" sizes=\"auto, (max-width: 150px) 100vw, 150px\" \/><em><strong>Novela \u201cEssas Mulheres\u201d resumo 10\/09<\/strong><\/em>: no capitulo 031 (*) da novela \u201cEssas Mulheres\u201d, segunda-feira, 10 de setembro, L\u00facia conversa com Firmina sobre sua mudan\u00e7a de vida e atitude. Cel. Louren\u00e7o recebe visita de um delegado com novidade. O Delegado entrega o embornal de Pedro para o Cel. Louren\u00e7o e lhe diz que h\u00e1 documentos dentro dele. Marli fica perplexa com o descaso de Lemos com seus sobrinhos. Augusto faz compressas de \u00e1gua fria na testa de Mila para baixar a febre. Leoc\u00e1dia fica na d\u00favida se sua filha deve ser tratada por um negro. <\/p>\n<p>L\u00facia pede a Firmina que deixe a casa vazia, pois Ferreira vir\u00e1 visit\u00e1-la. Ferreira chega na casa de L\u00facia. A escrava avisa que sua senhora est\u00e1 com dor de cabe\u00e7a, mas se melhorar o recebe. Augusto fica curioso para descobrir o que tanto assusta Mila. Geraldo diz ao m\u00e9dico que ela sempre foi sempre de mist\u00e9rios. Ferreira fica impaciente. L\u00facia l\u00ea um livro tranq\u00fcilamente no quarto. Alfredo resolve dar uma festa para os amigos em sua ch\u00e1cara. L\u00facia surge na sala. Fernando n\u00e3o consegue se divertir na festa de seu amigo. <\/p>\n<p>(*) edi\u00e7\u00e3o da Rede Record, Novela \u201cEssas Mulheres\u201d, sujeito a altera\u00e7\u00e3o de data e conte\u00fado.<\/p>\n<p>\u201cEssas Mulheres\u201d &#8211; A trama se passa em 1880, na cidade do Rio de Janeiro, seguindo a vida de tr\u00eas mulheres fortes e determinadas. Aur\u00e9lia (Christine Fernandes), Maria da Gl\u00f3ria (Carla Cabral) e Mila (Miriam Freeland) s\u00e3o grandes amigas que frequentam as aulas de etiqueta juntas, por\u00e9m a vida n\u00e3o demora muito para coloca-las em rumos completamente diferentes. Aur\u00e9lia vivia com sua m\u00e3e e irm\u00e3o em uma casa de favor, por\u00e9m eles s\u00e3o expulsos quando seu tio Lemos (Paulo Gorgulho) vende o im\u00f3vel sem piedade, for\u00e7ando-os a ir morar de aluguel e ela trabalhar como empregada para a arrogante Adelaide (Adriana Garambone) \u2013 que a humilha constantemente e lhe rouba Fernando Seixas (Gabriel Braga Nunes), jornalista com quem ela vivia um romance.<\/p>\n","protected":false},"excerpt":{"rendered":"<p>Novela \u201cEssas Mulheres\u201d resumo 10\/09: no capitulo 031 (*) da novela \u201cEssas Mulheres\u201d, segunda-feira, 10 de setembro, L\u00facia conversa com Firmina sobre sua mudan\u00e7a de vida e atitude. Cel. Louren\u00e7o recebe visita de um delegado com novidade. O Delegado entrega o embornal de Pedro para o Cel. Louren\u00e7o e lhe diz que h\u00e1 documentos dentro [&hellip;]<\/p>\n","protected":false},"author":2,"featured_media":148140,"comment_status":"open","ping_status":"closed","sticky":false,"template":"","format":"standard","meta":{"tdm_status":"","tdm_grid_status":"","footnotes":""},"categories":[379,371,343],"tags":[441],"class_list":{"0":"post-151197","1":"post","2":"type-post","3":"status-publish","4":"format-standard","5":"has-post-thumbnail","7":"category-novelas","8":"category-rede-record","9":"category-televisao","10":"tag-resumo-do-dia"},"_links":{"self":[{"href":"https:\/\/migracao.redenoticia.com.br\/noticia\/wp-json\/wp\/v2\/posts\/151197","targetHints":{"allow":["GET"]}}],"collection":[{"href":"https:\/\/migracao.redenoticia.com.br\/noticia\/wp-json\/wp\/v2\/posts"}],"about":[{"href":"https:\/\/migracao.redenoticia.com.br\/noticia\/wp-json\/wp\/v2\/types\/post"}],"author":[{"embeddable":true,"href":"https:\/\/migracao.redenoticia.com.br\/noticia\/wp-json\/wp\/v2\/users\/2"}],"replies":[{"embeddable":true,"href":"https:\/\/migracao.redenoticia.com.br\/noticia\/wp-json\/wp\/v2\/comments?post=151197"}],"version-history":[{"count":0,"href":"https:\/\/migracao.redenoticia.com.br\/noticia\/wp-json\/wp\/v2\/posts\/151197\/revisions"}],"wp:featuredmedia":[{"embeddable":true,"href":"https:\/\/migracao.redenoticia.com.br\/noticia\/wp-json\/wp\/v2\/media\/148140"}],"wp:attachment":[{"href":"https:\/\/migracao.redenoticia.com.br\/noticia\/wp-json\/wp\/v2\/media?parent=151197"}],"wp:term":[{"taxonomy":"category","embeddable":true,"href":"https:\/\/migracao.redenoticia.com.br\/noticia\/wp-json\/wp\/v2\/categories?post=151197"},{"taxonomy":"post_tag","embeddable":true,"href":"https:\/\/migracao.redenoticia.com.br\/noticia\/wp-json\/wp\/v2\/tags?post=151197"}],"curies":[{"name":"wp","href":"https:\/\/api.w.org\/{rel}","templated":true}]}}