{"id":151198,"date":"2018-09-07T20:09:18","date_gmt":"2018-09-07T23:09:18","guid":{"rendered":"https:\/\/www.redenoticia.com.br\/noticia\/?p=151198"},"modified":"2018-09-08T13:45:21","modified_gmt":"2018-09-08T16:45:21","slug":"novela-a-terra-prometida-resumo-10-09-aruna-diz-palavras-de-fe-e-josue-a-admira","status":"publish","type":"post","link":"https:\/\/migracao.redenoticia.com.br\/noticia\/2018\/novela-a-terra-prometida-resumo-10-09-aruna-diz-palavras-de-fe-e-josue-a-admira\/151198","title":{"rendered":"Novela \u201cA Terra Prometida\u201d resumo 10\/09: Raabe e Milah comandam pais e m\u00e3es"},"content":{"rendered":"<p> <img loading=\"lazy\" decoding=\"async\" src=\"https:\/\/migracao.redenoticia.com.br\/noticia\/imagens\/a-terra-prometida-resumo-novela-150x112.jpg\" alt=\"\" width=\"150\" height=\"112\" class=\"alignleft size-thumbnail wp-image-148139\" srcset=\"https:\/\/migracao.redenoticia.com.br\/noticia\/imagens\/a-terra-prometida-resumo-novela-150x112.jpg 150w, https:\/\/migracao.redenoticia.com.br\/noticia\/imagens\/a-terra-prometida-resumo-novela-265x198.jpg 265w, https:\/\/migracao.redenoticia.com.br\/noticia\/imagens\/a-terra-prometida-resumo-novela-485x360.jpg 485w, https:\/\/migracao.redenoticia.com.br\/noticia\/imagens\/a-terra-prometida-resumo-novela-534x403.jpg 534w\" sizes=\"auto, (max-width: 150px) 100vw, 150px\" \/><em><strong>Novela \u201cA Terra Prometida\u201d resumo 10\/09<\/strong><\/em>: no capitulo 034 (*) da novela \u201cA Terra Prometida\u201d, segunda-feira, 10 de setembro, Ac\u00e3 diz que Melquias j\u00e1 est\u00e1 livre e pede ouro em troca do servi\u00e7o sujo. O jovem hebreu acaba esbarrando em um objeto e chama a aten\u00e7\u00e3o da dupla. Ac\u00e3 corre para pegar o intruso e mata o rapaz. Salmon escuta um grito e vai at\u00e9 o celeiro. Nervoso, Ac\u00e3 mente dizendo que o jovem hebreu \u00e9 um traidor que estava passando informa\u00e7\u00f5es a um cananeu. Salmon ent\u00e3o deduz que El\u00f3i \u00e9 inocente e corre para avisar a todos. Escondido atr\u00e1s de sacos de gr\u00e3os, Tibar observa tudo. Em Jeric\u00f3, Marek se revolta ao saber que o povo est\u00e1 protestando pelos meninos presos. Raabe e Milah comandam a multid\u00e3o de pais e m\u00e3es. Kadmo ordena que todos retornem \u00e0s suas casas. O oficial amea\u00e7a Raabe. No acampamento, os hebreus se preparam para apedrejar El\u00f3i. Josu\u00e9 ora a Deus.<\/p>\n<p>El\u00f3i est\u00e1 prestes a ser apedrejado pelo povo hebreu. Tirda n\u00e3o permite que Gael assista ao apedrejamento do criado. Josu\u00e9 se prepara para autorizar a execu\u00e7\u00e3o de El\u00f3i, mas \u00e9 surpreendido com a chegada de Salmon. O ex-noivo de J\u00e9ssica avisa que o rapaz \u00e9 inocente. Sem alternativa, Ac\u00e3 diz que o verdadeiro traidor est\u00e1 morto no celeiro. <\/p>\n<p>Ion\u00e1 e El\u00f3i se abra\u00e7am emocionados. Josu\u00e9 manda soltar o criado imediatamente. Kadmo amea\u00e7a espancar Raabe. Nob\u00e1 aparece e provoca o oficial. Kadmo e os outros soldados perseguem o menino. Nob\u00e1 se junta aos lagartos Gosmentos e eles conseguem despistar os oficiais. Na pris\u00e3o do pal\u00e1cio, Galimedes arde em febre e Zuma o ampara. Raabe re\u00fane os pais e m\u00e3es na estalagem. Ela diz que \u00e9 preciso arrumar um jeito para sabotar a chegada de suprimentos no pal\u00e1cio. Ac\u00e3 se explica para Josu\u00e9. O vil\u00e3o mente sobreo acontecido no celeiro. Raabe mostra f\u00e9 no Senhor dos hebreus.<\/p>\n<p>Mesmo sabendo da inoc\u00eancia de El\u00f3i, Mara o critica. Josu\u00e9 repreende Ac\u00e3 pela atitude impensada. Melquias e Salmon contam os detalhes sobre a cidade de Jeric\u00f3 para que Setur atualize os mapas de guerra. Josu\u00e9 ora a Deus e recebe uma resposta do Senhor. Ac\u00e3 encontra com Tibar no celeiro e diz que o pr\u00f3ximo objetivo dos hebreus \u00e9 atravessar o rio Jord\u00e3o. O vil\u00e3o pede ouro em troca da informa\u00e7\u00e3o, mas o comandante lhe acerta um tapa na cara.<\/p>\n<p>(*) edi\u00e7\u00e3o da Rede Record, Novela \u201cA Terra Prometida\u201d, sujeito a altera\u00e7\u00e3o de data e conte\u00fado.<\/p>\n<p>\u201cA Terra Prometida\u201d &#8211; Ap\u00f3s a morte de Mois\u00e9s, Josu\u00e9 \u00e9 o novo l\u00edder dos hebreus. Ele \u00e9 um guerreiro experiente, dotado de coragem, determina\u00e7\u00e3o e de uma f\u00e9 poderosa. Mas n\u00e3o \u00e9 tarefa f\u00e1cil conduzir um povo ao seu destino! Com seus aliados mais pr\u00f3ximos e de confian\u00e7a, o sacerdote levita Eleazar e o l\u00edder da tribo Jud\u00e1 Calebe, Josu\u00e9 tem que cumprir uma dif\u00edcil miss\u00e3o ordenada por Deus: comandar as doze tribos de Israel na conquista de Cana\u00e3, \u201cA Terra Prometida\u201d.<\/p>\n","protected":false},"excerpt":{"rendered":"<p>Novela \u201cA Terra Prometida\u201d resumo 10\/09: no capitulo 034 (*) da novela \u201cA Terra Prometida\u201d, segunda-feira, 10 de setembro, Ac\u00e3 diz que Melquias j\u00e1 est\u00e1 livre e pede ouro em troca do servi\u00e7o sujo. O jovem hebreu acaba esbarrando em um objeto e chama a aten\u00e7\u00e3o da dupla. Ac\u00e3 corre para pegar o intruso e [&hellip;]<\/p>\n","protected":false},"author":2,"featured_media":149876,"comment_status":"open","ping_status":"closed","sticky":false,"template":"","format":"standard","meta":{"tdm_status":"","tdm_grid_status":"","footnotes":""},"categories":[446,379,371,343],"tags":[441],"class_list":{"0":"post-151198","1":"post","2":"type-post","3":"status-publish","4":"format-standard","5":"has-post-thumbnail","7":"category-a-terra-prometida","8":"category-novelas","9":"category-rede-record","10":"category-televisao","11":"tag-resumo-do-dia"},"_links":{"self":[{"href":"https:\/\/migracao.redenoticia.com.br\/noticia\/wp-json\/wp\/v2\/posts\/151198","targetHints":{"allow":["GET"]}}],"collection":[{"href":"https:\/\/migracao.redenoticia.com.br\/noticia\/wp-json\/wp\/v2\/posts"}],"about":[{"href":"https:\/\/migracao.redenoticia.com.br\/noticia\/wp-json\/wp\/v2\/types\/post"}],"author":[{"embeddable":true,"href":"https:\/\/migracao.redenoticia.com.br\/noticia\/wp-json\/wp\/v2\/users\/2"}],"replies":[{"embeddable":true,"href":"https:\/\/migracao.redenoticia.com.br\/noticia\/wp-json\/wp\/v2\/comments?post=151198"}],"version-history":[{"count":0,"href":"https:\/\/migracao.redenoticia.com.br\/noticia\/wp-json\/wp\/v2\/posts\/151198\/revisions"}],"wp:featuredmedia":[{"embeddable":true,"href":"https:\/\/migracao.redenoticia.com.br\/noticia\/wp-json\/wp\/v2\/media\/149876"}],"wp:attachment":[{"href":"https:\/\/migracao.redenoticia.com.br\/noticia\/wp-json\/wp\/v2\/media?parent=151198"}],"wp:term":[{"taxonomy":"category","embeddable":true,"href":"https:\/\/migracao.redenoticia.com.br\/noticia\/wp-json\/wp\/v2\/categories?post=151198"},{"taxonomy":"post_tag","embeddable":true,"href":"https:\/\/migracao.redenoticia.com.br\/noticia\/wp-json\/wp\/v2\/tags?post=151198"}],"curies":[{"name":"wp","href":"https:\/\/api.w.org\/{rel}","templated":true}]}}