{"id":1512,"date":"2009-05-10T21:59:08","date_gmt":"2009-05-11T01:59:08","guid":{"rendered":"http:\/\/www.redenoticia.com.br\/noticia\/?p=1512"},"modified":"2009-05-10T21:59:08","modified_gmt":"2009-05-11T01:59:08","slug":"ceuljiulbra-abre-inscricoes-para-vestibular-20092","status":"publish","type":"post","link":"https:\/\/migracao.redenoticia.com.br\/noticia\/2009\/ceuljiulbra-abre-inscricoes-para-vestibular-20092\/1512","title":{"rendered":"CEULJI\/ULBRA abre inscri\u00e7\u00f5es para Vestibular 2009\/2"},"content":{"rendered":"<p class=\"MsoNormal\" style=\"background: #9dd8e5 none repeat scroll 0%; line-height: 15.6pt;\"><span style=\"font-family: Arial; display: none;\"> <\/span><\/p>\n<p style=\"line-height: 15.6pt;\"><strong><span style=\"font-family: Arial;\"> <\/span><\/strong><span style=\"font-family: Arial;\">O Centro Universit\u00e1rio Luterano de Ji-Paran\u00e1 (CEULJI\/ULBRA) abriu inscri\u00e7\u00f5es\u00a0para o Vestibular 2009\/2. <\/span><\/p>\n<p class=\"MsoNormal\" style=\"line-height: 15.6pt;\"><span style=\"font-family: Arial;\">Neste processo seletivo est\u00e3o sendo oferecidos os cursos de Administra\u00e7\u00e3o, Agronomia, Arquitetura e Urbanismo, Biomedicina, Ci\u00eancias Biol\u00f3gicas (Bacharelado), Ci\u00eancias Cont\u00e1beis, Direito, Educa\u00e7\u00e3o F\u00edsica (Licenciatura), Enfermagem, Farm\u00e1cia, Fisioterapia, Jornalismo, Medicina Veterin\u00e1ria, Pedagogia, Servi\u00e7o Social e Sistemas de Informa\u00e7\u00e3o.<\/p>\n<p>A prova ser\u00e1 realizada no dia 28 de junho, \u00e0s 9 horas, no CEULJI\/ULBRA, com quest\u00f5es de L\u00edngua Portuguesa e Reda\u00e7\u00e3o.\u00a0As inscri\u00e7\u00f5es para o vestibular 2009\/2 podem ser realizadas via Internet atrav\u00e9s do site <a title=\"Fa\u00e7a agora mesmo sua inscri\u00e7\u00e3o no Vestibular 2009\/2!\" href=\"http:\/\/www.ulbrajp.edu.br\/ceulji\/index.php?option=com_content&amp;view=article&amp;id=104&amp;Itemid=526\" target=\"_parent\">www.ulbra.br\/ji-parana<\/a> ou na Central de Atendimento do CEULJI\/ULBRA, no valor de R$ 30,00 (trinta reais).<\/p>\n<p>Mais informa\u00e7\u00f5es referentes ao Vestibular 2009\/2 ou sobre os cursos que o CEULJI\/ULBRA oferecer\u00e1 em seu processo seletivo entre em contato atrav\u00e9s dos telefones: <strong><span style=\"font-family: Arial;\">(69) 3416-3100<\/span><\/strong> ou <strong><span style=\"font-family: Arial;\">(69) 3416-3111<\/span><\/strong>.<\/p>\n<p><\/span><span class=\"small\"><span style=\"font-size: 8.5pt; font-family: Arial;\">Alexandre Almeida <\/span><\/span><span style=\"font-family: Arial;\"> <\/span><\/p>\n","protected":false},"excerpt":{"rendered":"<p>O Centro Universit\u00e1rio Luterano de Ji-Paran\u00e1 (CEULJI\/ULBRA) abriu inscri\u00e7\u00f5es\u00a0para o Vestibular 2009\/2. Neste processo seletivo est\u00e3o sendo oferecidos os cursos de Administra\u00e7\u00e3o, Agronomia, Arquitetura e Urbanismo, Biomedicina, Ci\u00eancias Biol\u00f3gicas (Bacharelado), Ci\u00eancias Cont\u00e1beis, Direito, Educa\u00e7\u00e3o F\u00edsica (Licenciatura), Enfermagem, Farm\u00e1cia, Fisioterapia, Jornalismo, Medicina Veterin\u00e1ria, Pedagogia, Servi\u00e7o Social e Sistemas de Informa\u00e7\u00e3o. A prova ser\u00e1 realizada no dia [&hellip;]<\/p>\n","protected":false},"author":3,"featured_media":0,"comment_status":"open","ping_status":"open","sticky":false,"template":"","format":"standard","meta":{"tdm_status":"","tdm_grid_status":"","footnotes":""},"categories":[22],"tags":[],"class_list":{"0":"post-1512","1":"post","2":"type-post","3":"status-publish","4":"format-standard","6":"category-brasil"},"_links":{"self":[{"href":"https:\/\/migracao.redenoticia.com.br\/noticia\/wp-json\/wp\/v2\/posts\/1512","targetHints":{"allow":["GET"]}}],"collection":[{"href":"https:\/\/migracao.redenoticia.com.br\/noticia\/wp-json\/wp\/v2\/posts"}],"about":[{"href":"https:\/\/migracao.redenoticia.com.br\/noticia\/wp-json\/wp\/v2\/types\/post"}],"author":[{"embeddable":true,"href":"https:\/\/migracao.redenoticia.com.br\/noticia\/wp-json\/wp\/v2\/users\/3"}],"replies":[{"embeddable":true,"href":"https:\/\/migracao.redenoticia.com.br\/noticia\/wp-json\/wp\/v2\/comments?post=1512"}],"version-history":[{"count":0,"href":"https:\/\/migracao.redenoticia.com.br\/noticia\/wp-json\/wp\/v2\/posts\/1512\/revisions"}],"wp:attachment":[{"href":"https:\/\/migracao.redenoticia.com.br\/noticia\/wp-json\/wp\/v2\/media?parent=1512"}],"wp:term":[{"taxonomy":"category","embeddable":true,"href":"https:\/\/migracao.redenoticia.com.br\/noticia\/wp-json\/wp\/v2\/categories?post=1512"},{"taxonomy":"post_tag","embeddable":true,"href":"https:\/\/migracao.redenoticia.com.br\/noticia\/wp-json\/wp\/v2\/tags?post=1512"}],"curies":[{"name":"wp","href":"https:\/\/api.w.org\/{rel}","templated":true}]}}