{"id":151214,"date":"2018-09-08T00:00:13","date_gmt":"2018-09-08T03:00:13","guid":{"rendered":"https:\/\/www.redenoticia.com.br\/noticia\/?p=151214"},"modified":"2018-09-08T00:00:13","modified_gmt":"2018-09-08T03:00:13","slug":"resumo-novela-chiquititas-10-09-gabriela-descobre-que-marian-sempre-foi-ma","status":"publish","type":"post","link":"https:\/\/migracao.redenoticia.com.br\/noticia\/2018\/resumo-novela-chiquititas-10-09-gabriela-descobre-que-marian-sempre-foi-ma\/151214","title":{"rendered":"Resumo novela \u201cChiquititas\u201d 10\/09: Gabriela descobre que Marian sempre foi m\u00e1"},"content":{"rendered":"<p> <img loading=\"lazy\" decoding=\"async\" class=\"alignleft size-thumbnail wp-image-148665\" src=\"https:\/\/migracao.redenoticia.com.br\/noticia\/imagens\/chiquititas-sbt-150x112.jpg\" alt=\"\" width=\"150\" height=\"112\" srcset=\"https:\/\/migracao.redenoticia.com.br\/noticia\/imagens\/chiquititas-sbt-150x112.jpg 150w, https:\/\/migracao.redenoticia.com.br\/noticia\/imagens\/chiquititas-sbt-265x198.jpg 265w\" sizes=\"auto, (max-width: 150px) 100vw, 150px\" \/><strong><em>Resumo novela \u201cChiquititas\u201d 10\/09 <\/em><\/strong>: no cap\u00edtulo 520(*) da novela \u201cChiquititas\u201d, resumo de segunda-feira, 10 de setembro, Pata e Mili cobram de Marian uma resposta sobre a boneca Laura. Carol pergunta se foi a garota, que responde que n\u00e3o deve satisfa\u00e7\u00e3o para a faxineira. Chico pede respeito e Marian diz que a conversa n\u00e3o chegou ao fog\u00e3o. Pata se exalta e Marian lhe chama de menina de rua barraqueira. Marian ainda diz que se algo acontecer com ela no orfanato, Carmen saber\u00e1. Sim\u00e3o entrega para Gabriela o documento sobre o passado de Marian. Ele conta que Carmen guardava no escrit\u00f3rio dela. Gabriela anota as informa\u00e7\u00f5es e fica surpresa ao saber que a menina foi adotada tantas vezes.<\/p>\n<p>Carol conversa com Cintia sobre Marian e diz que ela deveria conversar com a garota. Samuca tenta reconstruir a boneca Laura como se fosse uma cirurgia. Marian assume para todas as chiquititas que foi ela mesma quem destruiu a boneca e que n\u00e3o sente remorso algum. Na dire\u00e7\u00e3o, Cintia diz para Marian que ela fez muito bem e que possui seu total apoio. Helena chama a pol\u00edcia, diz que invadiram sua casa e levaram L\u00facia.<\/p>\n<p>Samuca devolve a boneca Laura arrumada.Maria fica feliz e emocionada. Gabriela vai at\u00e9 a casa dos antigos pais adotivos de Marian. A primeira mulher conta que Carmen j\u00e1 foi at\u00e9 l\u00e1 perguntar sobre Marian. Milton vai at\u00e9 o orfanato buscar Maria para lev\u00e1-la at\u00e9 o hospital para ver a m\u00e3e, Joana. A menina diz que quer que a m\u00e3e se cure r\u00e1pido. Gabriela chega em casa e coloca Carmen contra a parede. A mulher pergunta o motivo de Carmen ter escondido que Marian teve outros pais e que sempre foi uma garota m\u00e1.<\/p>\n<p>(*) edi\u00e7\u00e3o do SBT, Novela \u201cChiquititas\u201d, sujeito a altera\u00e7\u00e3o de data e conte\u00fado.<\/p>\n<p>Chiquititas gira em torno do orfanato Raio de Luz, que carrega em sua hist\u00f3ria um grande segredo envolvendo a fam\u00edlia e o dono do orfanato, Dr. Jos\u00e9 Ricardo Almeida Campos. Em um per\u00edodo anterior \u00e0 novela, exatos treze anos, sua filha Gabriela se apaixonou e ficou gr\u00e1vida de Miguel, filho de Valentina, empregada da casa dos Almeida Campos. Pouco depois, Jos\u00e9 Ricardo sequestrou sua neta, pois, como um homem conservador, ele n\u00e3o aceitava a ideia de que sua filha se envolvesse com um empregado. Como sua neta, Milena, apelidada como Mili, precisava de um lugar para morar, ele comprou um casar\u00e3o e fundou um orfanato, o Raio de Luz.<\/p>\n<p>Mili cresceu l\u00e1 com outras garotas que chegaram posteriormente: Bia, Ana, as irm\u00e3s Tati e Vivi, e Cris. Ao decorrer dos anos, elas se tornam uma fam\u00edlia. Elas s\u00e3o supervisionadas por Ernestina, zeladora do orfanato, e Chico, o cozinheiro amado pelas internas. Sofia, ex-governanta da fam\u00edlia Almeida Campos, \u00e9 a diretora do lugar, at\u00e9 que Carmem, irm\u00e3 de Jos\u00e9 Ricardo, entre em seu lugar. Chegam ainda mais \u00f3rf\u00e3os: Pata, Mosca, Binho e Rafa, que viviam nas ruas antes de entrarem na institui\u00e7\u00e3o. Pata e Mili tornam-se amigas rapidamente, enquanto Mosca, Binho e Rafa s\u00e3o os primeiros garotos a entrar no abrigo. As crian\u00e7as sem-teto foram ajudadas por uma doce e bela garota que tocam e mudam a vida delas, assim como as das garotas \u00f3rf\u00e3s.<\/p>\n","protected":false},"excerpt":{"rendered":"<p>Resumo novela \u201cChiquititas\u201d 10\/09 : no cap\u00edtulo 520(*) da novela \u201cChiquititas\u201d, resumo de segunda-feira, 10 de setembro, Pata e Mili cobram de Marian uma resposta sobre a boneca Laura. Carol pergunta se foi a garota, que responde que n\u00e3o deve satisfa\u00e7\u00e3o para a faxineira. Chico pede respeito e Marian diz que a conversa n\u00e3o chegou [&hellip;]<\/p>\n","protected":false},"author":2,"featured_media":148665,"comment_status":"open","ping_status":"closed","sticky":false,"template":"","format":"standard","meta":{"tdm_status":"","tdm_grid_status":"","footnotes":""},"categories":[409,379,372,343],"tags":[441],"class_list":{"0":"post-151214","1":"post","2":"type-post","3":"status-publish","4":"format-standard","5":"has-post-thumbnail","7":"category-chiquititas","8":"category-novelas","9":"category-sbt","10":"category-televisao","11":"tag-resumo-do-dia"},"_links":{"self":[{"href":"https:\/\/migracao.redenoticia.com.br\/noticia\/wp-json\/wp\/v2\/posts\/151214","targetHints":{"allow":["GET"]}}],"collection":[{"href":"https:\/\/migracao.redenoticia.com.br\/noticia\/wp-json\/wp\/v2\/posts"}],"about":[{"href":"https:\/\/migracao.redenoticia.com.br\/noticia\/wp-json\/wp\/v2\/types\/post"}],"author":[{"embeddable":true,"href":"https:\/\/migracao.redenoticia.com.br\/noticia\/wp-json\/wp\/v2\/users\/2"}],"replies":[{"embeddable":true,"href":"https:\/\/migracao.redenoticia.com.br\/noticia\/wp-json\/wp\/v2\/comments?post=151214"}],"version-history":[{"count":0,"href":"https:\/\/migracao.redenoticia.com.br\/noticia\/wp-json\/wp\/v2\/posts\/151214\/revisions"}],"wp:featuredmedia":[{"embeddable":true,"href":"https:\/\/migracao.redenoticia.com.br\/noticia\/wp-json\/wp\/v2\/media\/148665"}],"wp:attachment":[{"href":"https:\/\/migracao.redenoticia.com.br\/noticia\/wp-json\/wp\/v2\/media?parent=151214"}],"wp:term":[{"taxonomy":"category","embeddable":true,"href":"https:\/\/migracao.redenoticia.com.br\/noticia\/wp-json\/wp\/v2\/categories?post=151214"},{"taxonomy":"post_tag","embeddable":true,"href":"https:\/\/migracao.redenoticia.com.br\/noticia\/wp-json\/wp\/v2\/tags?post=151214"}],"curies":[{"name":"wp","href":"https:\/\/api.w.org\/{rel}","templated":true}]}}